{"id":12176,"date":"2023-09-09T10:49:44","date_gmt":"2023-09-09T08:49:44","guid":{"rendered":"https:\/\/www.beatheim.com\/?p=12176"},"modified":"2023-09-09T11:44:03","modified_gmt":"2023-09-09T09:44:03","slug":"berlin-atonal-2023-una-experiencia-sonora-inigualable","status":"publish","type":"post","link":"https:\/\/www.beatheim.com\/es\/berlin-atonal-2023-una-experiencia-sonora-inigualable\/","title":{"rendered":"Berl\u00edn Atonal 2023: Una Experiencia Sonora Inigualable"},"content":{"rendered":"<div id=\"ez-toc-container\" class=\"ez-toc-v2_0_82_2 counter-hierarchy ez-toc-counter ez-toc-black ez-toc-container-direction\">\n<div class=\"ez-toc-title-container\"><p class=\"ez-toc-title\" style=\"cursor:inherit\">Table of Contents<\/p>\n<\/div><nav><ul class='ez-toc-list ez-toc-list-level-1 ' ><li class='ez-toc-page-1 ez-toc-heading-level-2'><a class=\"ez-toc-link ez-toc-heading-1\" href=\"https:\/\/www.beatheim.com\/es\/berlin-atonal-2023-una-experiencia-sonora-inigualable\/#Berlin_Atonal_2023_Musica_y_arte_en_estado_puro\" >Berl\u00edn Atonal 2023. M\u00fasica y arte en estado puro<\/a><\/li><li class='ez-toc-page-1 ez-toc-heading-level-2'><a class=\"ez-toc-link ez-toc-heading-2\" href=\"https:\/\/www.beatheim.com\/es\/berlin-atonal-2023-una-experiencia-sonora-inigualable\/#Calendario_Berlin_Atonal_2023\" >Calendario Berl\u00edn Atonal 2023<\/a><ul class='ez-toc-list-level-3' ><li class='ez-toc-heading-level-3'><a class=\"ez-toc-link ez-toc-heading-3\" href=\"https:\/\/www.beatheim.com\/es\/berlin-atonal-2023-una-experiencia-sonora-inigualable\/#W1_Fin_de_semana_1_%E2%80%93_07-08-09_de_septiembre\" >W1 (Fin de semana 1) &#8211; 07-08-09 de septiembre<\/a><\/li><li class='ez-toc-page-1 ez-toc-heading-level-3'><a class=\"ez-toc-link ez-toc-heading-4\" href=\"https:\/\/www.beatheim.com\/es\/berlin-atonal-2023-una-experiencia-sonora-inigualable\/#UM_Universal_Metabolism_%E2%80%93_11-12-13-14_de_septiembre\" >UM (Universal Metabolism) &#8211; 11-12-13-14 de septiembre<\/a><\/li><li class='ez-toc-page-1 ez-toc-heading-level-3'><a class=\"ez-toc-link ez-toc-heading-5\" href=\"https:\/\/www.beatheim.com\/es\/berlin-atonal-2023-una-experiencia-sonora-inigualable\/#W2_Fin_de_semana_2_%E2%80%93_15-16-17_de_septiembre\" >W2 (Fin de semana 2) &#8211; 15-16-17 de septiembre<\/a><\/li><\/ul><\/li><li class='ez-toc-page-1 ez-toc-heading-level-2'><a class=\"ez-toc-link ez-toc-heading-6\" href=\"https:\/\/www.beatheim.com\/es\/berlin-atonal-2023-una-experiencia-sonora-inigualable\/#Artistas_en_Berlin_Atonal_2023\" >Artistas en Berl\u00edn Atonal 2023<\/a><\/li><li class='ez-toc-page-1 ez-toc-heading-level-2'><a class=\"ez-toc-link ez-toc-heading-7\" href=\"https:\/\/www.beatheim.com\/es\/berlin-atonal-2023-una-experiencia-sonora-inigualable\/#Fechas_y_horarios_del_festival_Berlin_Atonal_2023\" >Fechas y horarios del festival Berl\u00edn Atonal 2023<\/a><\/li><li class='ez-toc-page-1 ez-toc-heading-level-2'><a class=\"ez-toc-link ez-toc-heading-8\" href=\"https:\/\/www.beatheim.com\/es\/berlin-atonal-2023-una-experiencia-sonora-inigualable\/#%C2%BFDonde_conseguir_tus_entradas\" >\u00bfD\u00f3nde conseguir tus entradas?<\/a><ul class='ez-toc-list-level-3' ><li class='ez-toc-heading-level-3'><a class=\"ez-toc-link ez-toc-heading-9\" href=\"https:\/\/www.beatheim.com\/es\/berlin-atonal-2023-una-experiencia-sonora-inigualable\/#Pase_Completo_del_Festival\" >Pase Completo del Festival<\/a><\/li><li class='ez-toc-page-1 ez-toc-heading-level-3'><a class=\"ez-toc-link ez-toc-heading-10\" href=\"https:\/\/www.beatheim.com\/es\/berlin-atonal-2023-una-experiencia-sonora-inigualable\/#Pase_de_Fin_de_Semana_1_Pase_de_Fin_de_Semana_2\" >Pase de Fin de Semana 1 \/ Pase de Fin de Semana 2<\/a><\/li><li class='ez-toc-page-1 ez-toc-heading-level-3'><a class=\"ez-toc-link ez-toc-heading-11\" href=\"https:\/\/www.beatheim.com\/es\/berlin-atonal-2023-una-experiencia-sonora-inigualable\/#Entradas_de_Dia\" >Entradas de D\u00eda<\/a><\/li><li class='ez-toc-page-1 ez-toc-heading-level-3'><a class=\"ez-toc-link ez-toc-heading-12\" href=\"https:\/\/www.beatheim.com\/es\/berlin-atonal-2023-una-experiencia-sonora-inigualable\/#Admision\" >Admisi\u00f3n<\/a><\/li><\/ul><\/li><li class='ez-toc-page-1 ez-toc-heading-level-2'><a class=\"ez-toc-link ez-toc-heading-13\" href=\"https:\/\/www.beatheim.com\/es\/berlin-atonal-2023-una-experiencia-sonora-inigualable\/#%C2%BFComo_llegar_al_Berlin_Atonal\" >\u00bfC\u00f3mo llegar al Berl\u00edn Atonal?<\/a><\/li><li class='ez-toc-page-1 ez-toc-heading-level-2'><a class=\"ez-toc-link ez-toc-heading-14\" href=\"https:\/\/www.beatheim.com\/es\/berlin-atonal-2023-una-experiencia-sonora-inigualable\/#Accesibilidad\" >Accesibilidad<\/a><\/li><li class='ez-toc-page-1 ez-toc-heading-level-2'><a class=\"ez-toc-link ez-toc-heading-15\" href=\"https:\/\/www.beatheim.com\/es\/berlin-atonal-2023-una-experiencia-sonora-inigualable\/#Conciencia_y_Servicios_Medicos\" >Conciencia y Servicios M\u00e9dicos<\/a><\/li><li class='ez-toc-page-1 ez-toc-heading-level-2'><a class=\"ez-toc-link ez-toc-heading-16\" href=\"https:\/\/www.beatheim.com\/es\/berlin-atonal-2023-una-experiencia-sonora-inigualable\/#Pagos\" >Pagos<\/a><\/li><li class='ez-toc-page-1 ez-toc-heading-level-2'><a class=\"ez-toc-link ez-toc-heading-17\" href=\"https:\/\/www.beatheim.com\/es\/berlin-atonal-2023-una-experiencia-sonora-inigualable\/#Politica_de_Fotos_en_Berlin_Atonal_2023\" >Pol\u00edtica de Fotos en Berl\u00edn Atonal\u00a0 2023<\/a><\/li><li class='ez-toc-page-1 ez-toc-heading-level-2'><a class=\"ez-toc-link ez-toc-heading-18\" href=\"https:\/\/www.beatheim.com\/es\/berlin-atonal-2023-una-experiencia-sonora-inigualable\/#Unete_a_Beatheim\" >\u00danete a Beatheim<\/a><\/li><\/ul><\/nav><\/div>\n<p><strong>Berl\u00edn Atonal 2023<\/strong> regresa con fuerza al Kraftwerk Berlin en septiembre, marcando su primera edici\u00f3n completa en m\u00e1s de cuatro a\u00f1os.<\/p>\n<p>Este festival, que se ha convertido en un referente en el mundo de la m\u00fasica, ofrece 6 noches de conciertos repartidas en dos fines de semana (07\/08\/09 y 15\/16\/17 de septiembre). Cada noche de concierto promete una experiencia \u00fanica, con decenas de espect\u00e1culos que tienen lugar en el complejo Kraftwerk. Este espacio, que abarca la central el\u00e9ctrica y otros lugares ic\u00f3nicos como Tresor, Globus y OHM, se llena de vida y m\u00fasica cada d\u00eda a partir de las 18:00.<\/p>\n<p>&nbsp;<\/p>\n<h2><span class=\"ez-toc-section\" id=\"Berlin_Atonal_2023_Musica_y_arte_en_estado_puro\"><\/span>Berl\u00edn Atonal 2023. M\u00fasica y arte en estado puro<span class=\"ez-toc-section-end\"><\/span><\/h2>\n<p>Pero Berl\u00edn Atonal 2023 no se limita solo a la m\u00fasica. Entre los dos fines de semana de conciertos, los asistentes podr\u00e1n disfrutar de una exposici\u00f3n de cuatro d\u00edas titulada \u00abUniversal Metabolism\u00bb (Metabolismo Universal). Esta muestra invita al p\u00fablico a embarcarse en un viaje performativo a trav\u00e9s de obras de arte creadas o adaptadas especialmente para el edificio. Desde trabajos audiovisuales, performances, esculturas in situ, arte en video hasta entornos sonoros inmersivos, estas piezas cobran vida y desaparecen en una secuencia temporal din\u00e1mica, culminando cada d\u00eda en un punto focal basado en un concierto espec\u00edfico.<\/p>\n<p>Para aquellos interesados en ser parte de esta experiencia, es importante mencionar que los pases para todo el festival ya est\u00e1n agotados. Sin embargo, todav\u00eda hay disponibilidad de pases para el primer y segundo fin de semana, as\u00ed como entradas para d\u00edas espec\u00edficos y combinaciones de exposici\u00f3n\/concierto. Adem\u00e1s, aquellos que decidan acercarse al lugar podr\u00e1n encontrar entradas adicionales en la taquilla del sitio durante cada d\u00eda del festival.<\/p>\n<p>No pierdas la oportunidad de ser parte de este evento \u00fanico y sumergirte en el mundo del Berl\u00edn Atonal 2023.<\/p>\n<figure id=\"attachment_12186\" aria-describedby=\"caption-attachment-12186\" style=\"width: 1280px\" class=\"wp-caption alignleft\"><img loading=\"lazy\" decoding=\"async\" class=\"size-full wp-image-12186\" src=\"https:\/\/www.beatheim.com\/wp-content\/uploads\/2023\/09\/Berlin-Atonal-2023-2.jpg\" alt=\"Berl\u00edn Atonal 2023. M\u00fasica y arte en estado puro\" width=\"1280\" height=\"853\" srcset=\"https:\/\/www.beatheim.com\/wp-content\/uploads\/2023\/09\/Berlin-Atonal-2023-2.jpg 1280w, https:\/\/www.beatheim.com\/wp-content\/uploads\/2023\/09\/Berlin-Atonal-2023-2-640x427.jpg 640w, https:\/\/www.beatheim.com\/wp-content\/uploads\/2023\/09\/Berlin-Atonal-2023-2-160x107.jpg 160w, https:\/\/www.beatheim.com\/wp-content\/uploads\/2023\/09\/Berlin-Atonal-2023-2-768x512.jpg 768w, https:\/\/www.beatheim.com\/wp-content\/uploads\/2023\/09\/Berlin-Atonal-2023-2-320x213.jpg 320w, https:\/\/www.beatheim.com\/wp-content\/uploads\/2023\/09\/Berlin-Atonal-2023-2-600x400.jpg 600w, https:\/\/www.beatheim.com\/wp-content\/uploads\/2023\/09\/Berlin-Atonal-2023-2-100x67.jpg 100w\" sizes=\"auto, (max-width: 1280px) 100vw, 1280px\" \/><figcaption id=\"caption-attachment-12186\" class=\"wp-caption-text\">Fuente: Wikipedia &#8211; https:\/\/en.wikipedia.org\/wiki\/Berlin_Atonal<\/figcaption><\/figure>\n<p>&nbsp;<\/p>\n<h2><span class=\"ez-toc-section\" id=\"Calendario_Berlin_Atonal_2023\"><\/span>Calendario Berl\u00edn Atonal 2023<span class=\"ez-toc-section-end\"><\/span><\/h2>\n<h3><span class=\"ez-toc-section\" id=\"W1_Fin_de_semana_1_%E2%80%93_07-08-09_de_septiembre\"><\/span>W1 (Fin de semana 1) &#8211; 07-08-09 de septiembre<span class=\"ez-toc-section-end\"><\/span><\/h3>\n<p>El primer fin de semana del Berl\u00edn Atonal 2023 promete ser una explosi\u00f3n de talento y sonidos innovadores. Aqu\u00ed te presentamos la alineaci\u00f3n de artistas que se presentar\u00e1n:<\/p>\n<ul>\n<li>Aasthma junto a Sara Parkman<\/li>\n<li>Aho Ssan + Sevi Iko D\u00f8mochevsky presentando Rhizomes AV<\/li>\n<li>Alessandro Adriani<\/li>\n<li>Apeiron Crew conocidos tambi\u00e9n como Solid Blake, Smokey y Mama Snake<\/li>\n<li>aya junto a MFO presentando \u00abu can make me hole again\u00bb<\/li>\n<li>BEIGE<\/li>\n<li>Big Ever<\/li>\n<li>Caterina Barbieri + Space Afrika con MFO<\/li>\n<li>CHENG NWSH<\/li>\n<li>Dame Area<\/li>\n<li>December en conjunto con Katatonic Silentio<\/li>\n<li>DJ Holographic<\/li>\n<li>DJ Lag<\/li>\n<li>DJ Plead<\/li>\n<li>DJ Spit en colaboraci\u00f3n con mad miran<\/li>\n<li>DJ Stingray 313<\/li>\n<li>Eros (integrado por Regis, Boris Wilsdorf, Liam Andrews)<\/li>\n<li>FAUZIA<\/li>\n<li>Flore en conjunto con Peder Mannerfelt<\/li>\n<li>Florentina Holzinger presentando \u00ab\u00c9tude For Church\u00bb<\/li>\n<li>Haruka junto a Wata Igarashi<\/li>\n<li>Holy Tongue<\/li>\n<li>Honour presentando THE BLOOD (2TEARS &amp; A $UCKET)<\/li>\n<li>ISAbella<\/li>\n<li>Jack Dove<\/li>\n<li>James Richards<\/li>\n<li>Jana Irmert<\/li>\n<li>P.M.<\/li>\n<li>Lamin Fofana<\/li>\n<li>Laure Boer<\/li>\n<li>Laurel Halo presentando \u00abAtlas\u00bb<\/li>\n<li>Loraine James presentando \u00abGentle Confrontation\u00bb<\/li>\n<li>Manami<\/li>\n<li>Margaux Gazur<\/li>\n<li>mayo<\/li>\n<li>Moopie<\/li>\n<li>mu\u201dhe<\/li>\n<li>Neu-Romancer<\/li>\n<li>Ninasupsa<\/li>\n<li>Nkisi presentando NTI-MA, \u00abThreshold of Awakening\u00bb<\/li>\n<li>OK Williams<\/li>\n<li>OKO DJ<\/li>\n<li>Rainy Miller presentando \u00abA Fugue State\u00bb<\/li>\n<li>Rebecca Salvadori<\/li>\n<li>Rhyw<\/li>\n<li>Rrose<\/li>\n<li>rRoxymore<\/li>\n<li>Sandwell District<\/li>\n<li>Sarkawt Hamad<\/li>\n<li>Shackleton \/ Zimpel + Siddhartha Belmannu junto a Pedro Maia presentando \u00abIn The Cell Of Dreams\u00bb<\/li>\n<li>Sidney + Suleiman<\/li>\n<li>Sigha<\/li>\n<li>Simo Cell<\/li>\n<li>Siu Mata<\/li>\n<li>Somatic Rituals (integrado por Komb\u00e9, Mafou y Mukuna)<\/li>\n<li>Stella Zekri<\/li>\n<li>The Fear Ratio<\/li>\n<li>TLF Trio<\/li>\n<li>TRAXX + Ron Morelli presentando \u00abThe Definitive Articles of House\u00bb<\/li>\n<li>URIN DJs<\/li>\n<li>Valentina Magaletti<\/li>\n<li>Venus Ex Machina presentando \u00abLemurian Tones\u00bb<\/li>\n<li>Zakia<\/li>\n<li>Zebra Katz presentando \u00abLess is Moor\u00bb<\/li>\n<\/ul>\n<p>&nbsp;<\/p>\n<h3><span class=\"ez-toc-section\" id=\"UM_Universal_Metabolism_%E2%80%93_11-12-13-14_de_septiembre\"><\/span>UM (Universal Metabolism) &#8211; 11-12-13-14 de septiembre<span class=\"ez-toc-section-end\"><\/span><\/h3>\n<p>Ubicado entre los dos fines de semana de programaci\u00f3n del festival, el Metabolismo Universal en Kraftwerk Berlin se presenta como una extensi\u00f3n del Berl\u00edn Atonal 2023. Esta exposici\u00f3n toma inspiraci\u00f3n y contin\u00faa la experimentaci\u00f3n formal de su antecesora, la emblem\u00e1tica exposici\u00f3n \u00abMetabolic Rift\u00bb (Ruptura Metab\u00f3lica).<\/p>\n<p>Este nuevo proyecto engloba m\u00e1s de dos docenas de obras de arte dispuestas en todo el Kraftwerk y sus espacios intermedios. Las piezas var\u00edan desde objetos duraderos en el espacio hasta eventos secuenciados inestables e impredecibles. Esta colecci\u00f3n proyecta una serie din\u00e1mica a trav\u00e9s del tiempo, culminando cada d\u00eda en un punto focal basado en una actuaci\u00f3n espec\u00edfica y diferente.<\/p>\n<p>Utilizando el minimalismo del edificio, la exposici\u00f3n toma prestados elementos del teatro para crear un auditorio sin escenario ni asientos, donde las obras y sus protagonistas se fusionan con los miembros de la audiencia y sus percepciones. La muestra parte de la idea de los ciclos corporales y extracorporales de intercambio, adaptaci\u00f3n y transformaci\u00f3n.<\/p>\n<p>Metabolismo Universal no es solo una exposici\u00f3n, es una experiencia que invita a la reflexi\u00f3n y al asombro, donde el arte se convierte en un puente entre el pasado, el presente y el futuro. \u00a1No te lo pierdas!<\/p>\n<p>&nbsp;<\/p>\n<h3><span class=\"ez-toc-section\" id=\"W2_Fin_de_semana_2_%E2%80%93_15-16-17_de_septiembre\"><\/span>W2 (Fin de semana 2) &#8211; 15-16-17 de septiembre<span class=\"ez-toc-section-end\"><\/span><\/h3>\n<p>El segundo fin de semana del Berl\u00edn Atonal 2023 promete cerrar con broche de oro, presentando una alineaci\u00f3n de artistas que desaf\u00edan los l\u00edmites de la m\u00fasica y el arte sonoro. Aqu\u00ed te presentamos a los protagonistas de este fin de semana:<\/p>\n<ul>\n<li>AceMoMA<\/li>\n<li>Actress<\/li>\n<li>Alessandro Cortini junto a Marco Ciceri presentando \u00abNati Infiniti\u00bb<\/li>\n<li>alys(alys)alys<\/li>\n<li>Atelier Impopulaire + Dreamcrusher con \u00abCrosscurrents\u00bb<\/li>\n<li>Azu Tiwaline<\/li>\n<li>Battle-ax<\/li>\n<li>Billy Bultheel<\/li>\n<li>Black Rave Culture<\/li>\n<li>Blackhaine presentando \u00abPaith\u00bb<\/li>\n<li>Blawan<\/li>\n<li>BLUMITSU<\/li>\n<li>BOLT RUIN<\/li>\n<li>Buttechno<\/li>\n<li>Carmen Villain<\/li>\n<li>Christian Love Forum<\/li>\n<li>CORIN con \u00abLux Aeterna\u00bb<\/li>\n<li>Crystallmess<\/li>\n<li>Debit<\/li>\n<li>DJ Caring<\/li>\n<li>dj lostboi + Torus<\/li>\n<li>DJ Marcelle<\/li>\n<li>DjBadshape<\/li>\n<li>Djrum en conjunto con Skee Mask<\/li>\n<li>Elena Colombi<\/li>\n<li>Elvin Brandhi + KMRU con \u00abA|||oy\u00bb<\/li>\n<li>Emma dj + cxoxc<\/li>\n<li>Emptyset<\/li>\n<li>Istanbul Ghetto Club<\/li>\n<li>Kode9<\/li>\n<li>LCY<\/li>\n<li>Lee Gamble<\/li>\n<li>Lydo<\/li>\n<li>Mala<\/li>\n<li>Marco Fusinato<\/li>\n<li>Maria W Horn<\/li>\n<li>Marta De Pascalis presentando \u00abSky Flesh\u00bb<\/li>\n<li>Marwa Belhaj Youssef<\/li>\n<li>Maya Shenfeld + Pedro Maia con \u00abUnder the Sun\u00bb<\/li>\n<li>Mia Koden<\/li>\n<li>Nastya Vogan<\/li>\n<li>oph\u00e9lie<\/li>\n<li>Pariah<\/li>\n<li>Pavel Milyakov + Perila con \u00abpmxper\u00bb<\/li>\n<li>Pearson Sound<\/li>\n<li>Persher<\/li>\n<li>Prison Religion<\/li>\n<li>quest?onmarq<\/li>\n<li>Shannen SP<\/li>\n<li>Shapednoise junto a Sevi Iko D\u00f8mochevsky presentando \u00abAbsurd Matter\u00bb<\/li>\n<li>Shinedoe<\/li>\n<li>Special Guest DJ con Mister Water Wet, Pontiac Streator y Huerco S.<\/li>\n<li>Teki Latex<\/li>\n<li>The Bug con Flowdan<\/li>\n<li>Tikiman + Richard Akingbehin<\/li>\n<li>Tom Boogizm<\/li>\n<li>upsammy<\/li>\n<li>Verraco<\/li>\n<li>Young Lychee<\/li>\n<li>\u00a5\u00d8U$UK\u20ac \u00a5UK1MAT$U<\/li>\n<li>yungfya<\/li>\n<li>Zi\u00far<\/li>\n<\/ul>\n<p>&nbsp;<\/p>\n<h2><span class=\"ez-toc-section\" id=\"Artistas_en_Berlin_Atonal_2023\"><\/span>Artistas en Berl\u00edn Atonal 2023<span class=\"ez-toc-section-end\"><\/span><\/h2>\n<ul>\n<li>Aasthma with Sara Parkman<\/li>\n<li>AceMoMA<\/li>\n<li>Actress<\/li>\n<li>Aho Ssan + Sevi Iko D\u00f8mochevsky present Rhizomes AV<\/li>\n<li>Ain Bailey<\/li>\n<li>Alessandro Adriani<\/li>\n<li>Alessandro Cortini with Marco Ciceri present Nati Infiniti<\/li>\n<li>alys(alys)alys<\/li>\n<li>Ana Vaz<\/li>\n<li>Anthony Linell + Jessie Granqvist<\/li>\n<li>Apeiron Crew aka Solid Blake, Smokey and Mama Snake<\/li>\n<li>Arthur<\/li>\n<li>Ash Luk<\/li>\n<li>Atelier Impopulaire + Dreamcrusher present Crosscurrents<\/li>\n<li>aya with MFO present u can make me hole again<\/li>\n<li>Azu Tiwaline<\/li>\n<li>Battle-ax<\/li>\n<li>BEIGE<\/li>\n<li>Big Ever<\/li>\n<li>Billy Bultheel<\/li>\n<li>Black Rave Culture<\/li>\n<li>Blackhaine presents Paith<\/li>\n<li>Blawan<\/li>\n<li>BLUMITSU<\/li>\n<li>BOLT RUIN<\/li>\n<li>Bridget Polk<\/li>\n<li>Buttechno<\/li>\n<li>Carmen Villain<\/li>\n<li>Caterina Barbieri + Space Afrika with MFO<\/li>\n<li>CCL<\/li>\n<li>CHENG NWSH<\/li>\n<li>Chloe Lula<\/li>\n<li>Christian Love Forum<\/li>\n<li>CORIN presents Lux Aeterna<\/li>\n<li>Crystallmess<\/li>\n<li>CTM + Skjold Rambow<\/li>\n<li>Cyprien Gaillard<\/li>\n<li>Dame Area<\/li>\n<li>Debit<\/li>\n<li>Deborah Stratman<\/li>\n<li>December b2b Katatonic Silentio<\/li>\n<li>DJ Caring<\/li>\n<li>DJ Holographic<\/li>\n<li>DJ Lag<\/li>\n<li>dj lostboi + Torus<\/li>\n<li>DJ Marcelle<\/li>\n<li>DJ Plead<\/li>\n<li>DJ Spit b2b mad miran<\/li>\n<li>DJ Stingray 313<\/li>\n<li>DjBadshape<\/li>\n<li>Djrum b2b Skee Mask<\/li>\n<li>E-Saggila<\/li>\n<li>Elena Colombi<\/li>\n<li>Elvin Brandhi + KMRU (A|||oy)<\/li>\n<li>Emma dj + cxoxc<\/li>\n<li>Emptyset<\/li>\n<li>Eros (Regis, Boris Wilsdorf, Liam Andrews)<\/li>\n<li>Evigt M\u00f6rker<\/li>\n<li>Fadi Mohem<\/li>\n<li>FAUZIA<\/li>\n<li>Flore b2b Peder Mannerfelt<\/li>\n<li>Florentina Holzinger presents \u00c9tude For Church<\/li>\n<li>Frederik Worm + C\u00e6cilie Trier<\/li>\n<li>Fritz Kahn<\/li>\n<li>Haruka b2b Wata Igarashi<\/li>\n<li>Hearing Berlin<\/li>\n<li>Holy Tongue<\/li>\n<li>Honour presents THE BLOOD (2TEARS &amp; A $UCKET)<\/li>\n<li>In Conversation with Shapednoise<\/li>\n<li>Ireen Amnes<\/li>\n<li>ISAbella<\/li>\n<li>Istanbul Ghetto Club<\/li>\n<li>Jack Dove<\/li>\n<li>James Richards<\/li>\n<li>James Richards + Steve Reinke<\/li>\n<li>Jana Irmert<\/li>\n<li>P.M.<\/li>\n<li>Kiernan Laveaux<\/li>\n<li>Klein<\/li>\n<li>Kode9<\/li>\n<li>Lamin Fofana<\/li>\n<li>Laure Boer<\/li>\n<li>Laurel Halo presents Atlas<\/li>\n<li>Laxlan Petras + Yasmin Saleh<\/li>\n<li>LCY<\/li>\n<li>Lee Gamble<\/li>\n<li>Listening with Perila<\/li>\n<li>Livia Melzi<\/li>\n<li>Loraine James presents Gentle Confrontation<\/li>\n<li>Lundin Oil<\/li>\n<li>Lydo<\/li>\n<li>Mala<\/li>\n<li>Malika Ziouech<\/li>\n<li>Manami<\/li>\n<li>Marco Fusinato<\/li>\n<li>Margaux Gazur<\/li>\n<li>Maria W Horn<\/li>\n<li>Marta De Pascalis presents Sky Flesh<\/li>\n<li>Marwa Belhaj Youssef<\/li>\n<li>Maya Shenfeld + Pedro Maia present Under the Sun<\/li>\n<li>mayo<\/li>\n<li>Mia Koden<\/li>\n<li>Mire Lee<\/li>\n<li>Moopie<\/li>\n<li>mu\u201dhe<\/li>\n<li>Nadia Struiwigh<\/li>\n<li>Nandele<\/li>\n<li>Nastya Vogan<\/li>\n<li>Neu-Romancer<\/li>\n<li>Ninasupsa<\/li>\n<li>Nkisi presents NTI-MA, Threshold of Awakening<\/li>\n<li>OK Williams<\/li>\n<li>OKO DJ<\/li>\n<li>oph\u00e9lie<\/li>\n<li>Orson b2b DJ Hops<\/li>\n<li>Pariah<\/li>\n<li>Pavel Milyakov + Perila present pmxper<\/li>\n<li>Pearson Sound<\/li>\n<li>Persher<\/li>\n<li>Prison Religion<\/li>\n<li>quest?onmarq<\/li>\n<li>Rabon Aibo<\/li>\n<li>Rainy Miller presents A Fugue State<\/li>\n<li>Rebecca Salvadori<\/li>\n<li>Rhyw<\/li>\n<li>Richard Sides<\/li>\n<li>Robin Fox<\/li>\n<li>Romeo Castellucci<\/li>\n<li>Rrose<\/li>\n<li>rRoxymore<\/li>\n<li>Sandwell District<\/li>\n<li>Sarkawt Hamad<\/li>\n<li>Shackleton \/ Zimpel + Siddhartha Belmannu with Pedro Maia present In The Cell Of Dreams<\/li>\n<li>Shannen SP<\/li>\n<li>Shapednoise with Sevi Iko D\u00f8mochevsky present Absurd Matter<\/li>\n<li>Shinedoe<\/li>\n<li>Sidney + Suleiman<\/li>\n<li>Sigha<\/li>\n<li>Simo Cell<\/li>\n<li>Siu Mata<\/li>\n<li>Somatic Rituals (Komb\u00e9, Mafou, and Mukuna)<\/li>\n<li>Sonia Boyce<\/li>\n<li>Special Guest DJ with Mister Water Wet, Pontiac Streator and Huerco S.<\/li>\n<li>Stella Zekri<\/li>\n<li>Struktur<\/li>\n<li>Teki Latex<\/li>\n<li>The Bug feat. Flowdan<\/li>\n<li>The Fear Ratio<\/li>\n<li>Tikiman + Richard Akingbehin<\/li>\n<li>TLF Trio<\/li>\n<li>Tom Boogizm<\/li>\n<li>Tot Onyx + Yuko Kaseki<\/li>\n<li>Track Clinic with Mor Elian + Boris Kummerer<\/li>\n<li>Transistors of Mercy + Pixelflowers<\/li>\n<li>TRAXX + Ron Morelli present The Definitive Articles of House<\/li>\n<li>upsammy<\/li>\n<li>URIN DJs<\/li>\n<li>Valentina Magaletti<\/li>\n<li>VALIE EXPORT<\/li>\n<li>Vallmo<\/li>\n<li>Venus Ex Machina presents Lemurian Tones<\/li>\n<li>Verraco<\/li>\n<li>V\u00e9r\u00e9na Paravel + Lucien Castaing-Taylor<\/li>\n<li>Workshop with Alexander Hacke<\/li>\n<li>Yasmin Sun<\/li>\n<li>Young Lychee<\/li>\n<li>\u00a5\u00d8U$UK\u20ac \u00a5UK1MAT$U<\/li>\n<li>yungfya<\/li>\n<li>Zakia<\/li>\n<li>Zebra Katz presents Less is Moor<\/li>\n<li>Zi\u00far<\/li>\n<\/ul>\n<p>&nbsp;<\/p>\n<h2><span class=\"ez-toc-section\" id=\"Fechas_y_horarios_del_festival_Berlin_Atonal_2023\"><\/span>Fechas y horarios del festival Berl\u00edn Atonal 2023<span class=\"ez-toc-section-end\"><\/span><\/h2>\n<p>El festival se extiende a lo largo de varios d\u00edas, ofreciendo una variedad de experiencias para los amantes de la m\u00fasica:<\/p>\n<p><strong>Del martes 7 de septiembre al domingo 10 de septiembre<\/strong>: Disfruta del \u00abWeekend 1 Pass + Day Tickets\u00bb. Puedes adquirir tus entradas a partir de 57.29 \u20ac.<\/p>\n<p><strong>Del lunes 11 de septiembre al jueves 14 de septiembre<\/strong>: Sum\u00e9rgete en \u00abUniversal Metabolism\u00bb, una experiencia \u00fanica de Berl\u00edn Atonal 2023. Las entradas est\u00e1n disponibles desde 27.54 \u20ac.<\/p>\n<p><strong>Del martes 12 de septiembre al mi\u00e9rcoles 13 de septiembre<\/strong>: \u00bfInteresado en aprender m\u00e1s? Participa en los \u00abWorkshops\u00bb de Berl\u00edn Atonal 2023. Actualmente, las inscripciones est\u00e1n en lista de espera, pero lo mejor de todo, \u00a1<strong>es gratis<\/strong>!<\/p>\n<p><strong>Del mi\u00e9rcoles 13 de septiembre al viernes 15 de septiembre<\/strong>: No te pierdas las \u00abUM Afterparties\u00bb. Una oportunidad para continuar la fiesta. Reserva tus entradas desde 24.24 \u20ac.<\/p>\n<p><strong>Del viernes 15 de septiembre al domingo 17 de septiembre<\/strong>: Cierra con broche de oro con el \u00abWeekend 2 Pass + Day Tickets\u00bb. Las entradas est\u00e1n disponibles desde 55.08 \u20ac.<\/p>\n<p>&nbsp;<\/p>\n<h2><span class=\"ez-toc-section\" id=\"%C2%BFDonde_conseguir_tus_entradas\"><\/span>\u00bfD\u00f3nde conseguir tus entradas?<span class=\"ez-toc-section-end\"><\/span><\/h2>\n<p>Las entradas puedes adquirirlas en la web oficial del festival: <a href=\"https:\/\/berlin-atonal.com\/\" target=\"_blank\" rel=\"noopener\">https:\/\/berlin-atonal.com\/<\/a><\/p>\n<h3><span class=\"ez-toc-section\" id=\"Pase_Completo_del_Festival\"><\/span>Pase Completo del Festival<span class=\"ez-toc-section-end\"><\/span><\/h3>\n<p>Con este pase, tendr\u00e1s acceso a todos los eventos del 7 al 17 de septiembre. Recibir\u00e1s una pulsera en tu primera visita, que deber\u00e1s llevar durante todo el festival. Todos los espacios del complejo est\u00e1n incluidos.<\/p>\n<h3><span class=\"ez-toc-section\" id=\"Pase_de_Fin_de_Semana_1_Pase_de_Fin_de_Semana_2\"><\/span>Pase de Fin de Semana 1 \/ Pase de Fin de Semana 2<span class=\"ez-toc-section-end\"><\/span><\/h3>\n<p>Con estos pases, podr\u00e1s acceder a las tres noches de concierto del fin de semana correspondiente. Las entradas adicionales para la exposici\u00f3n Universal Metabolism deben comprarse por separado.<\/p>\n<h3><span class=\"ez-toc-section\" id=\"Entradas_de_Dia\"><\/span>Entradas de D\u00eda<span class=\"ez-toc-section-end\"><\/span><\/h3>\n<p>Estas entradas te permiten la admisi\u00f3n solo para el d\u00eda especificado, incluidas las afterparties.<\/p>\n<h3><span class=\"ez-toc-section\" id=\"Admision\"><\/span>Admisi\u00f3n<span class=\"ez-toc-section-end\"><\/span><\/h3>\n<p>Recibir\u00e1s una pulsera del festival en la entrada, que deber\u00e1s llevar durante todo el evento. Esta pulsera no es transferible<\/p>\n<p>&nbsp;<\/p>\n<h2><span class=\"ez-toc-section\" id=\"%C2%BFComo_llegar_al_Berlin_Atonal\"><\/span>\u00bfC\u00f3mo llegar al Berl\u00edn Atonal?<span class=\"ez-toc-section-end\"><\/span><\/h2>\n<p><strong>Direcci\u00f3n<\/strong>: K\u00f6penicker Str. 70, 10179 Berl\u00edn<\/p>\n<p><strong>Estaciones cercanas<\/strong>: Heinrich-Heine-Stra\u00dfe (U8) y Jannowitzbr\u00fccke (S3, S5, S7, S9).<\/p>\n<p>&nbsp;<\/p>\n<h2><span class=\"ez-toc-section\" id=\"Accesibilidad\"><\/span>Accesibilidad<span class=\"ez-toc-section-end\"><\/span><\/h2>\n<p>El complejo Kraftwerk cuenta con ascensores para acceder a todos los pisos.<\/p>\n<p>&nbsp;<\/p>\n<h2><span class=\"ez-toc-section\" id=\"Conciencia_y_Servicios_Medicos\"><\/span>Conciencia y Servicios M\u00e9dicos<span class=\"ez-toc-section-end\"><\/span><\/h2>\n<p>Queremos que todos se sientan c\u00f3modos y libres. No toleramos ninguna forma de discriminaci\u00f3n. Contamos con un equipo de conciencia y primeros auxilios en el sitio.<\/p>\n<p>&nbsp;<\/p>\n<h2><span class=\"ez-toc-section\" id=\"Pagos\"><\/span>Pagos<span class=\"ez-toc-section-end\"><\/span><\/h2>\n<p>Solo se aceptan pagos con tarjeta en la taquilla y el puesto de mercanc\u00eda. En bares y puestos de comida, se aceptan tanto efectivo como tarjeta.<\/p>\n<p>&nbsp;<\/p>\n<h2><span class=\"ez-toc-section\" id=\"Politica_de_Fotos_en_Berlin_Atonal_2023\"><\/span>Pol\u00edtica de Fotos en Berl\u00edn Atonal\u00a0 2023<span class=\"ez-toc-section-end\"><\/span><\/h2>\n<p>\u00a1Atenci\u00f3n! OHM, Tresor y Globus tienen una estricta pol\u00edtica de no fotos.<\/p>\n<p>&nbsp;<\/p>\n<h2><span class=\"ez-toc-section\" id=\"Unete_a_Beatheim\"><\/span>\u00danete a Beatheim<span class=\"ez-toc-section-end\"><\/span><\/h2>\n<p>\u00bfY t\u00fa qu\u00e9 opinas al respecto? Cu\u00e9ntanoslo en nuestras redes sociales y \u00a1\u00fanete a la Comunidad <a href=\"https:\/\/www.beatheim.com\/es\/\" target=\"_blank\" rel=\"noopener\">Beatheim<\/a>!<\/p>\n<ul>\n<li><a href=\"https:\/\/es-la.facebook.com\/Beatheimdjacademy\/\" target=\"_blank\" rel=\"noopener\">Facebook<\/a><\/li>\n<li><a href=\"https:\/\/www.instagram.com\/beatheim_dj_academy\/\" target=\"_blank\" rel=\"noopener\">Instagram<\/a><\/li>\n<\/ul>\n","protected":false},"excerpt":{"rendered":"<p>Berl\u00edn Atonal 2023 regresa con fuerza al Kraftwerk Berlin en septiembre, marcando su primera edici\u00f3n completa en m\u00e1s de cuatro a\u00f1os. Este festival, que se ha convertido en un referente en el mundo de la m\u00fasica, ofrece 6 noches de conciertos repartidas en dos fines de semana (07\/08\/09 y 15\/16\/17 de septiembre). Cada noche de&#8230;<\/p>\n","protected":false},"author":103,"featured_media":12179,"comment_status":"closed","ping_status":"closed","sticky":false,"template":"","format":"standard","meta":{"footnotes":""},"categories":[111],"tags":[],"class_list":["post-12176","post","type-post","status-publish","format-standard","has-post-thumbnail","hentry","category-dj-industry-es"],"yoast_head":"<!-- This site is optimized with the Yoast SEO plugin v27.4 - https:\/\/yoast.com\/product\/yoast-seo-wordpress\/ -->\n<title>Berl\u00edn Atonal 2023: Una Experiencia Sonora Inigualable &#187; BEATHEIM<\/title>\n<meta name=\"description\" content=\"Berl\u00edn Atonal 2023 regresa con fuerza al Kraftwerk Berlin en septiembre, marcando su primera edici\u00f3n completa en m\u00e1s de cuatro a\u00f1os.\" \/>\n<meta name=\"robots\" content=\"index, follow, max-snippet:-1, max-image-preview:large, max-video-preview:-1\" \/>\n<link rel=\"canonical\" href=\"https:\/\/www.beatheim.com\/es\/berlin-atonal-2023-una-experiencia-sonora-inigualable\/\" \/>\n<meta property=\"og:locale\" content=\"es_ES\" \/>\n<meta property=\"og:type\" content=\"article\" \/>\n<meta property=\"og:title\" content=\"Berl\u00edn Atonal 2023: Una Experiencia Sonora Inigualable &#187; BEATHEIM\" \/>\n<meta property=\"og:description\" content=\"Berl\u00edn Atonal 2023 regresa con fuerza al Kraftwerk Berlin en septiembre, marcando su primera edici\u00f3n completa en m\u00e1s de cuatro a\u00f1os.\" \/>\n<meta property=\"og:url\" content=\"https:\/\/www.beatheim.com\/es\/berlin-atonal-2023-una-experiencia-sonora-inigualable\/\" \/>\n<meta property=\"og:site_name\" content=\"BEATHEIM\" \/>\n<meta property=\"article:publisher\" content=\"https:\/\/www.facebook.com\/Beatheimdjacademy\" \/>\n<meta property=\"article:published_time\" content=\"2023-09-09T08:49:44+00:00\" \/>\n<meta property=\"article:modified_time\" content=\"2023-09-09T09:44:03+00:00\" \/>\n<meta property=\"og:image\" content=\"https:\/\/www.beatheim.com\/wp-content\/uploads\/2023\/09\/Berlin-Atonal-2023.jpg\" \/>\n\t<meta property=\"og:image:width\" content=\"1280\" \/>\n\t<meta property=\"og:image:height\" content=\"853\" \/>\n\t<meta property=\"og:image:type\" content=\"image\/jpeg\" \/>\n<meta name=\"author\" content=\"Beatheim\" \/>\n<meta name=\"twitter:card\" content=\"summary_large_image\" \/>\n<meta name=\"twitter:label1\" content=\"Escrito por\" \/>\n\t<meta name=\"twitter:data1\" content=\"Beatheim\" \/>\n\t<meta name=\"twitter:label2\" content=\"Tiempo de lectura\" \/>\n\t<meta name=\"twitter:data2\" content=\"9 minutos\" \/>\n<script type=\"application\/ld+json\" class=\"yoast-schema-graph\">{\"@context\":\"https:\\\/\\\/schema.org\",\"@graph\":[{\"@type\":[\"Article\",\"BlogPosting\"],\"@id\":\"https:\\\/\\\/www.beatheim.com\\\/es\\\/berlin-atonal-2023-una-experiencia-sonora-inigualable\\\/#article\",\"isPartOf\":{\"@id\":\"https:\\\/\\\/www.beatheim.com\\\/es\\\/berlin-atonal-2023-una-experiencia-sonora-inigualable\\\/\"},\"author\":{\"name\":\"Beatheim\",\"@id\":\"https:\\\/\\\/www.beatheim.com\\\/es\\\/#\\\/schema\\\/person\\\/ed32de48a0e6b496b84276866d6fab12\"},\"headline\":\"Berl\u00edn Atonal 2023: Una Experiencia Sonora Inigualable\",\"datePublished\":\"2023-09-09T08:49:44+00:00\",\"dateModified\":\"2023-09-09T09:44:03+00:00\",\"mainEntityOfPage\":{\"@id\":\"https:\\\/\\\/www.beatheim.com\\\/es\\\/berlin-atonal-2023-una-experiencia-sonora-inigualable\\\/\"},\"wordCount\":2033,\"image\":{\"@id\":\"https:\\\/\\\/www.beatheim.com\\\/es\\\/berlin-atonal-2023-una-experiencia-sonora-inigualable\\\/#primaryimage\"},\"thumbnailUrl\":\"https:\\\/\\\/www.beatheim.com\\\/wp-content\\\/uploads\\\/2023\\\/09\\\/Berlin-Atonal-2023.jpg\",\"articleSection\":[\"DJ Industry\"],\"inLanguage\":\"es\"},{\"@type\":[\"WebPage\",\"ItemPage\"],\"@id\":\"https:\\\/\\\/www.beatheim.com\\\/es\\\/berlin-atonal-2023-una-experiencia-sonora-inigualable\\\/\",\"url\":\"https:\\\/\\\/www.beatheim.com\\\/es\\\/berlin-atonal-2023-una-experiencia-sonora-inigualable\\\/\",\"name\":\"Berl\u00edn Atonal 2023: Una Experiencia Sonora Inigualable &#187; BEATHEIM\",\"isPartOf\":{\"@id\":\"https:\\\/\\\/www.beatheim.com\\\/es\\\/#website\"},\"primaryImageOfPage\":{\"@id\":\"https:\\\/\\\/www.beatheim.com\\\/es\\\/berlin-atonal-2023-una-experiencia-sonora-inigualable\\\/#primaryimage\"},\"image\":{\"@id\":\"https:\\\/\\\/www.beatheim.com\\\/es\\\/berlin-atonal-2023-una-experiencia-sonora-inigualable\\\/#primaryimage\"},\"thumbnailUrl\":\"https:\\\/\\\/www.beatheim.com\\\/wp-content\\\/uploads\\\/2023\\\/09\\\/Berlin-Atonal-2023.jpg\",\"datePublished\":\"2023-09-09T08:49:44+00:00\",\"dateModified\":\"2023-09-09T09:44:03+00:00\",\"author\":{\"@id\":\"https:\\\/\\\/www.beatheim.com\\\/es\\\/#\\\/schema\\\/person\\\/ed32de48a0e6b496b84276866d6fab12\"},\"description\":\"Berl\u00edn Atonal 2023 regresa con fuerza al Kraftwerk Berlin en septiembre, marcando su primera edici\u00f3n completa en m\u00e1s de cuatro a\u00f1os.\",\"inLanguage\":\"es\",\"potentialAction\":[{\"@type\":\"ReadAction\",\"target\":[\"https:\\\/\\\/www.beatheim.com\\\/es\\\/berlin-atonal-2023-una-experiencia-sonora-inigualable\\\/\"]}]},{\"@type\":\"ImageObject\",\"inLanguage\":\"es\",\"@id\":\"https:\\\/\\\/www.beatheim.com\\\/es\\\/berlin-atonal-2023-una-experiencia-sonora-inigualable\\\/#primaryimage\",\"url\":\"https:\\\/\\\/www.beatheim.com\\\/wp-content\\\/uploads\\\/2023\\\/09\\\/Berlin-Atonal-2023.jpg\",\"contentUrl\":\"https:\\\/\\\/www.beatheim.com\\\/wp-content\\\/uploads\\\/2023\\\/09\\\/Berlin-Atonal-2023.jpg\",\"width\":1280,\"height\":853,\"caption\":\"Berl\u00edn Atonal 2023: Una Experiencia Sonora Inigualable\"},{\"@type\":\"WebSite\",\"@id\":\"https:\\\/\\\/www.beatheim.com\\\/es\\\/#website\",\"url\":\"https:\\\/\\\/www.beatheim.com\\\/es\\\/\",\"name\":\"BEATHEIM\",\"description\":\"Beatheim DJ Academy in Berlin\",\"potentialAction\":[{\"@type\":\"SearchAction\",\"target\":{\"@type\":\"EntryPoint\",\"urlTemplate\":\"https:\\\/\\\/www.beatheim.com\\\/es\\\/?s={search_term_string}\"},\"query-input\":{\"@type\":\"PropertyValueSpecification\",\"valueRequired\":true,\"valueName\":\"search_term_string\"}}],\"inLanguage\":\"es\"},{\"@type\":\"Person\",\"@id\":\"https:\\\/\\\/www.beatheim.com\\\/es\\\/#\\\/schema\\\/person\\\/ed32de48a0e6b496b84276866d6fab12\",\"name\":\"Beatheim\",\"image\":{\"@type\":\"ImageObject\",\"inLanguage\":\"es\",\"@id\":\"https:\\\/\\\/secure.gravatar.com\\\/avatar\\\/697b80e3cef2dd581b0be54e68855040dcb18fa59b733a32d27127bd05d18e06?s=96&d=mm&r=g\",\"url\":\"https:\\\/\\\/secure.gravatar.com\\\/avatar\\\/697b80e3cef2dd581b0be54e68855040dcb18fa59b733a32d27127bd05d18e06?s=96&d=mm&r=g\",\"contentUrl\":\"https:\\\/\\\/secure.gravatar.com\\\/avatar\\\/697b80e3cef2dd581b0be54e68855040dcb18fa59b733a32d27127bd05d18e06?s=96&d=mm&r=g\",\"caption\":\"Beatheim\"}}]}<\/script>\n<!-- \/ Yoast SEO plugin. -->","yoast_head_json":{"title":"Berl\u00edn Atonal 2023: Una Experiencia Sonora Inigualable &#187; BEATHEIM","description":"Berl\u00edn Atonal 2023 regresa con fuerza al Kraftwerk Berlin en septiembre, marcando su primera edici\u00f3n completa en m\u00e1s de cuatro a\u00f1os.","robots":{"index":"index","follow":"follow","max-snippet":"max-snippet:-1","max-image-preview":"max-image-preview:large","max-video-preview":"max-video-preview:-1"},"canonical":"https:\/\/www.beatheim.com\/es\/berlin-atonal-2023-una-experiencia-sonora-inigualable\/","og_locale":"es_ES","og_type":"article","og_title":"Berl\u00edn Atonal 2023: Una Experiencia Sonora Inigualable &#187; BEATHEIM","og_description":"Berl\u00edn Atonal 2023 regresa con fuerza al Kraftwerk Berlin en septiembre, marcando su primera edici\u00f3n completa en m\u00e1s de cuatro a\u00f1os.","og_url":"https:\/\/www.beatheim.com\/es\/berlin-atonal-2023-una-experiencia-sonora-inigualable\/","og_site_name":"BEATHEIM","article_publisher":"https:\/\/www.facebook.com\/Beatheimdjacademy","article_published_time":"2023-09-09T08:49:44+00:00","article_modified_time":"2023-09-09T09:44:03+00:00","og_image":[{"width":1280,"height":853,"url":"https:\/\/www.beatheim.com\/wp-content\/uploads\/2023\/09\/Berlin-Atonal-2023.jpg","type":"image\/jpeg"}],"author":"Beatheim","twitter_card":"summary_large_image","twitter_misc":{"Escrito por":"Beatheim","Tiempo de lectura":"9 minutos"},"schema":{"@context":"https:\/\/schema.org","@graph":[{"@type":["Article","BlogPosting"],"@id":"https:\/\/www.beatheim.com\/es\/berlin-atonal-2023-una-experiencia-sonora-inigualable\/#article","isPartOf":{"@id":"https:\/\/www.beatheim.com\/es\/berlin-atonal-2023-una-experiencia-sonora-inigualable\/"},"author":{"name":"Beatheim","@id":"https:\/\/www.beatheim.com\/es\/#\/schema\/person\/ed32de48a0e6b496b84276866d6fab12"},"headline":"Berl\u00edn Atonal 2023: Una Experiencia Sonora Inigualable","datePublished":"2023-09-09T08:49:44+00:00","dateModified":"2023-09-09T09:44:03+00:00","mainEntityOfPage":{"@id":"https:\/\/www.beatheim.com\/es\/berlin-atonal-2023-una-experiencia-sonora-inigualable\/"},"wordCount":2033,"image":{"@id":"https:\/\/www.beatheim.com\/es\/berlin-atonal-2023-una-experiencia-sonora-inigualable\/#primaryimage"},"thumbnailUrl":"https:\/\/www.beatheim.com\/wp-content\/uploads\/2023\/09\/Berlin-Atonal-2023.jpg","articleSection":["DJ Industry"],"inLanguage":"es"},{"@type":["WebPage","ItemPage"],"@id":"https:\/\/www.beatheim.com\/es\/berlin-atonal-2023-una-experiencia-sonora-inigualable\/","url":"https:\/\/www.beatheim.com\/es\/berlin-atonal-2023-una-experiencia-sonora-inigualable\/","name":"Berl\u00edn Atonal 2023: Una Experiencia Sonora Inigualable &#187; BEATHEIM","isPartOf":{"@id":"https:\/\/www.beatheim.com\/es\/#website"},"primaryImageOfPage":{"@id":"https:\/\/www.beatheim.com\/es\/berlin-atonal-2023-una-experiencia-sonora-inigualable\/#primaryimage"},"image":{"@id":"https:\/\/www.beatheim.com\/es\/berlin-atonal-2023-una-experiencia-sonora-inigualable\/#primaryimage"},"thumbnailUrl":"https:\/\/www.beatheim.com\/wp-content\/uploads\/2023\/09\/Berlin-Atonal-2023.jpg","datePublished":"2023-09-09T08:49:44+00:00","dateModified":"2023-09-09T09:44:03+00:00","author":{"@id":"https:\/\/www.beatheim.com\/es\/#\/schema\/person\/ed32de48a0e6b496b84276866d6fab12"},"description":"Berl\u00edn Atonal 2023 regresa con fuerza al Kraftwerk Berlin en septiembre, marcando su primera edici\u00f3n completa en m\u00e1s de cuatro a\u00f1os.","inLanguage":"es","potentialAction":[{"@type":"ReadAction","target":["https:\/\/www.beatheim.com\/es\/berlin-atonal-2023-una-experiencia-sonora-inigualable\/"]}]},{"@type":"ImageObject","inLanguage":"es","@id":"https:\/\/www.beatheim.com\/es\/berlin-atonal-2023-una-experiencia-sonora-inigualable\/#primaryimage","url":"https:\/\/www.beatheim.com\/wp-content\/uploads\/2023\/09\/Berlin-Atonal-2023.jpg","contentUrl":"https:\/\/www.beatheim.com\/wp-content\/uploads\/2023\/09\/Berlin-Atonal-2023.jpg","width":1280,"height":853,"caption":"Berl\u00edn Atonal 2023: Una Experiencia Sonora Inigualable"},{"@type":"WebSite","@id":"https:\/\/www.beatheim.com\/es\/#website","url":"https:\/\/www.beatheim.com\/es\/","name":"BEATHEIM","description":"Beatheim DJ Academy in Berlin","potentialAction":[{"@type":"SearchAction","target":{"@type":"EntryPoint","urlTemplate":"https:\/\/www.beatheim.com\/es\/?s={search_term_string}"},"query-input":{"@type":"PropertyValueSpecification","valueRequired":true,"valueName":"search_term_string"}}],"inLanguage":"es"},{"@type":"Person","@id":"https:\/\/www.beatheim.com\/es\/#\/schema\/person\/ed32de48a0e6b496b84276866d6fab12","name":"Beatheim","image":{"@type":"ImageObject","inLanguage":"es","@id":"https:\/\/secure.gravatar.com\/avatar\/697b80e3cef2dd581b0be54e68855040dcb18fa59b733a32d27127bd05d18e06?s=96&d=mm&r=g","url":"https:\/\/secure.gravatar.com\/avatar\/697b80e3cef2dd581b0be54e68855040dcb18fa59b733a32d27127bd05d18e06?s=96&d=mm&r=g","contentUrl":"https:\/\/secure.gravatar.com\/avatar\/697b80e3cef2dd581b0be54e68855040dcb18fa59b733a32d27127bd05d18e06?s=96&d=mm&r=g","caption":"Beatheim"}}]}},"_links":{"self":[{"href":"https:\/\/www.beatheim.com\/es\/wp-json\/wp\/v2\/posts\/12176","targetHints":{"allow":["GET"]}}],"collection":[{"href":"https:\/\/www.beatheim.com\/es\/wp-json\/wp\/v2\/posts"}],"about":[{"href":"https:\/\/www.beatheim.com\/es\/wp-json\/wp\/v2\/types\/post"}],"author":[{"embeddable":true,"href":"https:\/\/www.beatheim.com\/es\/wp-json\/wp\/v2\/users\/103"}],"replies":[{"embeddable":true,"href":"https:\/\/www.beatheim.com\/es\/wp-json\/wp\/v2\/comments?post=12176"}],"version-history":[{"count":0,"href":"https:\/\/www.beatheim.com\/es\/wp-json\/wp\/v2\/posts\/12176\/revisions"}],"wp:featuredmedia":[{"embeddable":true,"href":"https:\/\/www.beatheim.com\/es\/wp-json\/wp\/v2\/media\/12179"}],"wp:attachment":[{"href":"https:\/\/www.beatheim.com\/es\/wp-json\/wp\/v2\/media?parent=12176"}],"wp:term":[{"taxonomy":"category","embeddable":true,"href":"https:\/\/www.beatheim.com\/es\/wp-json\/wp\/v2\/categories?post=12176"},{"taxonomy":"post_tag","embeddable":true,"href":"https:\/\/www.beatheim.com\/es\/wp-json\/wp\/v2\/tags?post=12176"}],"curies":[{"name":"wp","href":"https:\/\/api.w.org\/{rel}","templated":true}]}}