{"id":11903,"date":"2023-07-13T14:03:12","date_gmt":"2023-07-13T12:03:12","guid":{"rendered":"https:\/\/www.beatheim.com\/?p=11903"},"modified":"2023-07-13T14:04:01","modified_gmt":"2023-07-13T12:04:01","slug":"fusion-festival-2023-la-fusrave-the-planet-festival-de-musica-electronica-comprometido-con-el-medio-ambienteion-perfecta-de-musica-y-arte","status":"publish","type":"post","link":"https:\/\/www.beatheim.com\/es\/fusion-festival-2023-la-fusrave-the-planet-festival-de-musica-electronica-comprometido-con-el-medio-ambienteion-perfecta-de-musica-y-arte\/","title":{"rendered":"Rave the Planet, festival de m\u00fasica electr\u00f3nica comprometido con el medio ambiente"},"content":{"rendered":"<div id=\"ez-toc-container\" class=\"ez-toc-v2_0_82_2 counter-hierarchy ez-toc-counter ez-toc-black ez-toc-container-direction\">\n<div class=\"ez-toc-title-container\"><p class=\"ez-toc-title\" style=\"cursor:inherit\">Table of Contents<\/p>\n<\/div><nav><ul class='ez-toc-list ez-toc-list-level-1 ' ><li class='ez-toc-page-1 ez-toc-heading-level-2'><a class=\"ez-toc-link ez-toc-heading-1\" href=\"https:\/\/www.beatheim.com\/es\/fusion-festival-2023-la-fusrave-the-planet-festival-de-musica-electronica-comprometido-con-el-medio-ambienteion-perfecta-de-musica-y-arte\/#Historia_de_Rave_the_Planet\" >Historia de Rave the Planet<\/a><\/li><li class='ez-toc-page-1 ez-toc-heading-level-2'><a class=\"ez-toc-link ez-toc-heading-2\" href=\"https:\/\/www.beatheim.com\/es\/fusion-festival-2023-la-fusrave-the-planet-festival-de-musica-electronica-comprometido-con-el-medio-ambienteion-perfecta-de-musica-y-arte\/#Ubicacion_y_Fechas\" >Ubicaci\u00f3n y Fechas<\/a><\/li><li class='ez-toc-page-1 ez-toc-heading-level-2'><a class=\"ez-toc-link ez-toc-heading-3\" href=\"https:\/\/www.beatheim.com\/es\/fusion-festival-2023-la-fusrave-the-planet-festival-de-musica-electronica-comprometido-con-el-medio-ambienteion-perfecta-de-musica-y-arte\/#Artistas_e_informacion\" >Artistas e informaci\u00f3n<\/a><\/li><li class='ez-toc-page-1 ez-toc-heading-level-2'><a class=\"ez-toc-link ez-toc-heading-4\" href=\"https:\/\/www.beatheim.com\/es\/fusion-festival-2023-la-fusrave-the-planet-festival-de-musica-electronica-comprometido-con-el-medio-ambienteion-perfecta-de-musica-y-arte\/#Compromiso_medioambiental\" >Compromiso medioambiental<\/a><ul class='ez-toc-list-level-3' ><li class='ez-toc-heading-level-3'><a class=\"ez-toc-link ez-toc-heading-5\" href=\"https:\/\/www.beatheim.com\/es\/fusion-festival-2023-la-fusrave-the-planet-festival-de-musica-electronica-comprometido-con-el-medio-ambienteion-perfecta-de-musica-y-arte\/#Energia_renovable_y_reduccion_de_residuos\" >Energ\u00eda renovable y reducci\u00f3n de residuos<\/a><\/li><li class='ez-toc-page-1 ez-toc-heading-level-3'><a class=\"ez-toc-link ez-toc-heading-6\" href=\"https:\/\/www.beatheim.com\/es\/fusion-festival-2023-la-fusrave-the-planet-festival-de-musica-electronica-comprometido-con-el-medio-ambienteion-perfecta-de-musica-y-arte\/#Transporte_Eco-friendly_y_Conciencia_Ambiental\" >Transporte Eco-friendly y Conciencia Ambiental<\/a><\/li><\/ul><\/li><li class='ez-toc-page-1 ez-toc-heading-level-2'><a class=\"ez-toc-link ez-toc-heading-7\" href=\"https:\/\/www.beatheim.com\/es\/fusion-festival-2023-la-fusrave-the-planet-festival-de-musica-electronica-comprometido-con-el-medio-ambienteion-perfecta-de-musica-y-arte\/#%C2%ABMUSIC_IS_THE_ANSWER%C2%BB_%E2%80%93_La_respuesta_en_la_musica\" >\u00abMUSIC IS THE ANSWER\u00bb \u2013 La respuesta en la m\u00fasica<\/a><\/li><li class='ez-toc-page-1 ez-toc-heading-level-2'><a class=\"ez-toc-link ez-toc-heading-8\" href=\"https:\/\/www.beatheim.com\/es\/fusion-festival-2023-la-fusrave-the-planet-festival-de-musica-electronica-comprometido-con-el-medio-ambienteion-perfecta-de-musica-y-arte\/#Sostenibilidad_y_sin_animo_de_lucro\" >Sostenibilidad y sin \u00e1nimo de lucro<\/a><\/li><li class='ez-toc-page-1 ez-toc-heading-level-2'><a class=\"ez-toc-link ez-toc-heading-9\" href=\"https:\/\/www.beatheim.com\/es\/fusion-festival-2023-la-fusrave-the-planet-festival-de-musica-electronica-comprometido-con-el-medio-ambienteion-perfecta-de-musica-y-arte\/#La_cultura_del_techno_en_Berlin_como_Patrimonio_Cultural_Inmaterial_de_la_UNESCO\" >La cultura del techno en Berl\u00edn como Patrimonio Cultural Inmaterial de la UNESCO<\/a><ul class='ez-toc-list-level-3' ><li class='ez-toc-heading-level-3'><a class=\"ez-toc-link ez-toc-heading-10\" href=\"https:\/\/www.beatheim.com\/es\/fusion-festival-2023-la-fusrave-the-planet-festival-de-musica-electronica-comprometido-con-el-medio-ambienteion-perfecta-de-musica-y-arte\/#%C2%BFQue_es_el_Patrimonio_Cultural_Inmaterial\" >\u00bfQu\u00e9 es el Patrimonio Cultural Inmaterial?<\/a><\/li><\/ul><\/li><li class='ez-toc-page-1 ez-toc-heading-level-2'><a class=\"ez-toc-link ez-toc-heading-11\" href=\"https:\/\/www.beatheim.com\/es\/fusion-festival-2023-la-fusrave-the-planet-festival-de-musica-electronica-comprometido-con-el-medio-ambienteion-perfecta-de-musica-y-arte\/#Unete_a_Beatheim\" >\u00danete a Beatheim<\/a><\/li><\/ul><\/nav><\/div>\n<p>\u00bfAlguna vez has so\u00f1ado con sumergirte en una experiencia musical \u00fanica y al mismo tiempo ayudar al planeta? Si es as\u00ed, no puedes perderte <strong>Rave the Planet<\/strong>, el festival de m\u00fasica electr\u00f3nica que ha revolucionado la industria y se ha comprometido con el movimiento de conciencia ambiental. En este art\u00edculo, te proporcionaremos toda la informaci\u00f3n que necesitas sobre la historia, ubicaci\u00f3n, fechas, entradas, artistas y su compromiso ambiental. \u00a1Prep\u00e1rate para descubrir un mundo de m\u00fasica electr\u00f3nica y medio ambiente en Rave the Planet!<\/p>\n<p>&nbsp;<\/p>\n<h2><span class=\"ez-toc-section\" id=\"Historia_de_Rave_the_Planet\"><\/span>Historia de Rave the Planet<span class=\"ez-toc-section-end\"><\/span><\/h2>\n<p>Rave the Planet naci\u00f3 con una visi\u00f3n clara: unir la pasi\u00f3n por la m\u00fasica electr\u00f3nica con la conciencia ambiental. Desde sus inicios, este festival se ha esforzado por crear una experiencia \u00fanica que va m\u00e1s all\u00e1 de la m\u00fasica. Cada a\u00f1o, miles de personas se re\u00fanen en un lugar especial para celebrar la conexi\u00f3n entre la m\u00fasica electr\u00f3nica y el respeto por el medio ambiente.<\/p>\n<figure id=\"attachment_11922\" aria-describedby=\"caption-attachment-11922\" style=\"width: 800px\" class=\"wp-caption alignnone\"><img loading=\"lazy\" decoding=\"async\" class=\"wp-image-11922 size-full\" src=\"https:\/\/www.beatheim.com\/wp-content\/uploads\/2023\/07\/DrMotte-Rave-the-planet-1.jpg\" alt=\"Dr. Motte - Rave the planet\" width=\"800\" height=\"491\" srcset=\"https:\/\/www.beatheim.com\/wp-content\/uploads\/2023\/07\/DrMotte-Rave-the-planet-1.jpg 800w, https:\/\/www.beatheim.com\/wp-content\/uploads\/2023\/07\/DrMotte-Rave-the-planet-1-640x393.jpg 640w, https:\/\/www.beatheim.com\/wp-content\/uploads\/2023\/07\/DrMotte-Rave-the-planet-1-160x98.jpg 160w, https:\/\/www.beatheim.com\/wp-content\/uploads\/2023\/07\/DrMotte-Rave-the-planet-1-768x471.jpg 768w, https:\/\/www.beatheim.com\/wp-content\/uploads\/2023\/07\/DrMotte-Rave-the-planet-1-320x196.jpg 320w, https:\/\/www.beatheim.com\/wp-content\/uploads\/2023\/07\/DrMotte-Rave-the-planet-1-600x368.jpg 600w, https:\/\/www.beatheim.com\/wp-content\/uploads\/2023\/07\/DrMotte-Rave-the-planet-1-100x61.jpg 100w\" sizes=\"auto, (max-width: 800px) 100vw, 800px\" \/><figcaption id=\"caption-attachment-11922\" class=\"wp-caption-text\">Credits: ravetheplanet.com<\/figcaption><\/figure>\n<p>&nbsp;<\/p>\n<h2 style=\"text-align: justify;\"><span class=\"ez-toc-section\" id=\"Ubicacion_y_Fechas\"><\/span>Ubicaci\u00f3n y Fechas<span class=\"ez-toc-section-end\"><\/span><\/h2>\n<p>El festival Rave the Planet se lleva a cabo en un entorno m\u00e1gico que combina la belleza natural con las vibraciones de la m\u00fasica electr\u00f3nica. La ubicaci\u00f3n exacta cambia anualmente, pero siempre busca un espacio que permita conectar con la naturaleza y minimizar su impacto ambiental. Las fechas del festival var\u00edan, pero suele realizarse durante el verano para aprovechar el clima c\u00e1lido y las noches estrelladas.<\/p>\n<p>&nbsp;<\/p>\n<h2><span class=\"ez-toc-section\" id=\"Artistas_e_informacion\"><\/span>Artistas e informaci\u00f3n<span class=\"ez-toc-section-end\"><\/span><\/h2>\n<p>Si est\u00e1s ansioso por unirte a la experiencia de Rave the Planet, puedes encontrar toda la informaci\u00f3n en su <strong>web oficial<\/strong>: <a href=\"https:\/\/www.ravetheplanet.com\/\" target=\"_blank\" rel=\"noopener\">https:\/\/www.ravetheplanet.com\/<\/a> . Rave the Planet atrae a algunos de los mejores artistas de la escena de la m\u00fasica electr\u00f3nica, ofreciendo actuaciones inolvidables que te har\u00e1n vibrar al ritmo de los beats m\u00e1s en\u00e9rgicos.<\/p>\n<p>&nbsp;<\/p>\n<h2><span class=\"ez-toc-section\" id=\"Compromiso_medioambiental\"><\/span>Compromiso medioambiental<span class=\"ez-toc-section-end\"><\/span><\/h2>\n<p>Uno de los aspectos m\u00e1s destacados de Rave the Planet es su compromiso con el medio ambiente. El festival se enorgullece de ser eco-friendly y utiliza tecnolog\u00edas sostenibles para reducir al m\u00e1ximo su huella ambiental. Desde la implementaci\u00f3n de sistemas de energ\u00eda renovable hasta la reducci\u00f3n de residuos y la promoci\u00f3n del transporte eco-friendly, Rave the Planet se esfuerza por marcar la diferencia y promover un futuro m\u00e1s verde para la m\u00fasica electr\u00f3nica.<\/p>\n<figure id=\"attachment_11926\" aria-describedby=\"caption-attachment-11926\" style=\"width: 800px\" class=\"wp-caption alignnone\"><img loading=\"lazy\" decoding=\"async\" class=\"size-full wp-image-11926\" src=\"https:\/\/www.beatheim.com\/wp-content\/uploads\/2023\/07\/Rave-the-planet-clean-up-day.jpg\" alt=\"Rave the planet, Clean-up day\" width=\"800\" height=\"491\" srcset=\"https:\/\/www.beatheim.com\/wp-content\/uploads\/2023\/07\/Rave-the-planet-clean-up-day.jpg 800w, https:\/\/www.beatheim.com\/wp-content\/uploads\/2023\/07\/Rave-the-planet-clean-up-day-640x393.jpg 640w, https:\/\/www.beatheim.com\/wp-content\/uploads\/2023\/07\/Rave-the-planet-clean-up-day-160x98.jpg 160w, https:\/\/www.beatheim.com\/wp-content\/uploads\/2023\/07\/Rave-the-planet-clean-up-day-768x471.jpg 768w, https:\/\/www.beatheim.com\/wp-content\/uploads\/2023\/07\/Rave-the-planet-clean-up-day-320x196.jpg 320w, https:\/\/www.beatheim.com\/wp-content\/uploads\/2023\/07\/Rave-the-planet-clean-up-day-600x368.jpg 600w, https:\/\/www.beatheim.com\/wp-content\/uploads\/2023\/07\/Rave-the-planet-clean-up-day-100x61.jpg 100w\" sizes=\"auto, (max-width: 800px) 100vw, 800px\" \/><figcaption id=\"caption-attachment-11926\" class=\"wp-caption-text\">Credits: ravetheplanet.com<\/figcaption><\/figure>\n<h3><span class=\"ez-toc-section\" id=\"Energia_renovable_y_reduccion_de_residuos\"><\/span>Energ\u00eda renovable y reducci\u00f3n de residuos<span class=\"ez-toc-section-end\"><\/span><\/h3>\n<p>Rave the Planet apuesta por fuentes de energ\u00eda renovable, utilizando paneles solares y otras soluciones sostenibles para abastecer de electricidad sus escenarios y zonas de confort. Adem\u00e1s, se han implementado sistemas de reciclaje eficientes y se promueve el uso de materiales biodegradables para minimizar los residuos generados durante el festival. \u00a1\u00danete a la fiesta sabiendo que est\u00e1s siendo parte de un movimiento en pro del planeta!<\/p>\n<h3><span class=\"ez-toc-section\" id=\"Transporte_Eco-friendly_y_Conciencia_Ambiental\"><\/span>Transporte Eco-friendly y Conciencia Ambiental<span class=\"ez-toc-section-end\"><\/span><\/h3>\n<p>Para aquellos que desean asistir al festival y reducir su impacto ambiental, Rave the Planet ofrece opciones de transporte eco-friendly. Se promueve el uso compartido de autom\u00f3viles, el uso de transporte p\u00fablico y se incentiva a los asistentes a optar por opciones de viaje m\u00e1s sostenibles. Adem\u00e1s, durante el festival, se organizan actividades educativas y concienciadoras sobre el medio ambiente para fomentar la reflexi\u00f3n y el compromiso individual.<\/p>\n<p>&nbsp;<\/p>\n<h2><span class=\"ez-toc-section\" id=\"%C2%ABMUSIC_IS_THE_ANSWER%C2%BB_%E2%80%93_La_respuesta_en_la_musica\"><\/span>\u00abMUSIC IS THE ANSWER\u00bb \u2013 La respuesta en la m\u00fasica<span class=\"ez-toc-section-end\"><\/span><\/h2>\n<p>El 8 de julio de 2023, se llev\u00f3 a cabo la Rave The Planet Parade, una manifestaci\u00f3n pol\u00edtica que tuvo como objetivo luchar por la paz y la preservaci\u00f3n de la m\u00fasica electr\u00f3nica y la cultura de club, as\u00ed como el reconocimiento de sus logros culturales y sociales. Bajo el lema \u00abMUSIC IS THE ANSWER\u00bb (La m\u00fasica es la respuesta), se busc\u00f3 reflexionar sobre cu\u00e1l es la pregunta real que debemos hacernos.<\/p>\n<p><img loading=\"lazy\" decoding=\"async\" class=\"size-full wp-image-11912 aligncenter\" src=\"https:\/\/www.beatheim.com\/wp-content\/uploads\/2023\/07\/Rave-the-planet-parade.jpg\" alt=\"Rave the Planet Parade\" width=\"400\" height=\"572\" srcset=\"https:\/\/www.beatheim.com\/wp-content\/uploads\/2023\/07\/Rave-the-planet-parade.jpg 400w, https:\/\/www.beatheim.com\/wp-content\/uploads\/2023\/07\/Rave-the-planet-parade-112x160.jpg 112w, https:\/\/www.beatheim.com\/wp-content\/uploads\/2023\/07\/Rave-the-planet-parade-320x458.jpg 320w, https:\/\/www.beatheim.com\/wp-content\/uploads\/2023\/07\/Rave-the-planet-parade-100x143.jpg 100w\" sizes=\"auto, (max-width: 400px) 100vw, 400px\" \/><\/p>\n<p>El nombre \u00abRave The Planet\u00bb refleja su misi\u00f3n y visi\u00f3n, la cual naci\u00f3 en el contexto de la primera Love Parade en 1989. La idea era que si se repet\u00eda a\u00f1o tras a\u00f1o, se inspirar\u00eda a otras personas a organizar sus propias marchas. En alg\u00fan momento, las marchas de techno se llevar\u00edan a cabo en todo el mundo el mismo d\u00eda, y al bailar juntos, las personas se dar\u00edan cuenta de que forman parte de la misma familia, la familia de seres humanos en este planeta. Entonces, la paz mundial surgir\u00eda autom\u00e1ticamente.<\/p>\n<p>&nbsp;<\/p>\n<h2><span class=\"ez-toc-section\" id=\"Sostenibilidad_y_sin_animo_de_lucro\"><\/span><span class=\"Ninguno\"><span lang=\"ES-TRAD\">Sostenibilidad y sin \u00e1nimo de lucro<\/span><\/span><span class=\"ez-toc-section-end\"><\/span><\/h2>\n<p class=\"Cuerpo\" style=\"text-align: justify; text-justify: inter-ideograph;\"><span class=\"Ninguno\"><span lang=\"ES-TRAD\">Junto con sus socios, Rave The Planet ha llevado a cabo un desfile respetuoso con el clima. Todas las colaboraciones siguen el principio de brindar el m\u00e1ximo beneficio a la cultura y a aquellos que la crean.<\/span><\/span><\/p>\n<p class=\"Cuerpo\" style=\"text-align: justify; text-justify: inter-ideograph;\"><span class=\"Ninguno\"><span lang=\"ES-TRAD\">El domingo fue el \u00abD\u00eda de Limpieza\u00bb. En Rave the Planet no quieren dejar rastro. Su gran equipo, con el apoyo de muchos voluntarios y una iniciativa de limpieza de la ciudad de Berl\u00edn (BSR), retiraron toda la basura del parque Tiergarten. Todo un ejemplo a seguir.<\/span><\/span><\/p>\n<p class=\"Cuerpo\" style=\"text-align: justify; text-justify: inter-ideograph;\"><span class=\"Ninguno\"><span lang=\"ES-TRAD\">Las limpiezas eran un procedimiento est\u00e1ndar en los tiempos de la Love Parade de Berl\u00edn, pero se realizaban sin aviso p\u00fablico. Ahora lo est\u00e1n realizando de manera alegre, ruidosa, p\u00fablica y todos juntos. \u00a1\u00danete a su EQUIPO ECO!<\/span><\/span><\/p>\n<p>&nbsp;<\/p>\n<h2><span class=\"ez-toc-section\" id=\"La_cultura_del_techno_en_Berlin_como_Patrimonio_Cultural_Inmaterial_de_la_UNESCO\"><\/span>La cultura del techno en Berl\u00edn como Patrimonio Cultural Inmaterial de la UNESCO<span class=\"ez-toc-section-end\"><\/span><\/h2>\n<p>Rave the Planet est\u00e1 luchando por la inclusi\u00f3n de la cultura del techno en Berl\u00edn en la lista de Patrimonio Cultural Inmaterial (ICH, por sus siglas en ingl\u00e9s) de la UNESCO est\u00e1 siendo respaldada por un amplio n\u00famero de partidarios.<\/p>\n<p>En el v\u00eddeo \u00abTechno Culture in Berlin \/\/ Film on the UNESCO Intangible Cultural Heritage Application\u00bb que se encuentra disponible en YouTube, destacados creadores y artistas culturales de Berl\u00edn, como Ellen Allien, Dimitri Hegemann, Alan Oldham, Alexander Kr\u00fcger, Hans Cousto, entre otros, explican en qu\u00e9 consiste la cultura del techno en Berl\u00edn y por qu\u00e9 es necesario protegerla.<\/p>\n<div class=\"youtube-responsive-container\"><iframe loading=\"lazy\" title=\"YouTube video player\" src=\"https:\/\/www.youtube.com\/embed\/jAmT11KRvcM\" width=\"560\" height=\"315\" frameborder=\"0\" allowfullscreen=\"allowfullscreen\"><\/iframe><\/div>\n<p>&nbsp;<\/p>\n<h3><span class=\"ez-toc-section\" id=\"%C2%BFQue_es_el_Patrimonio_Cultural_Inmaterial\"><\/span>\u00bfQu\u00e9 es el Patrimonio Cultural Inmaterial?<span class=\"ez-toc-section-end\"><\/span><\/h3>\n<p>La cultura se refiere a valores, tradiciones y diversas identidades. El patrimonio es algo que se transmite de generaci\u00f3n en generaci\u00f3n. Inmaterial significa que no es f\u00edsico, sino m\u00e1s bien espiritual o intelectual.<\/p>\n<p>En resumen, el Patrimonio Cultural Inmaterial (ICH, por sus siglas en ingl\u00e9s) se refiere a las tradiciones y expresiones vivas, como las reuniones comunitarias, la m\u00fasica, las creencias, las pr\u00e1cticas culturales y las artesan\u00edas. Por ejemplo, el desfile del Orgullo Gay en \u00c1msterdam, el reggae de Jamaica y la cultura del techno de Z\u00farich ya se consideran patrimonio cultural o pr\u00e1cticas culturales vivas.<\/p>\n<p>En Rave The Planet, est\u00e1n convencidos de que la cultura del techno en Berl\u00edn tambi\u00e9n cumple con todos los requisitos para ser reconocida como Patrimonio Cultural Inmaterial.<\/p>\n<p><strong>\u00a1\u00danete a Rave the Planet y ay\u00fadalos a conseguir este reconocimiento!<\/strong><\/p>\n<p>&nbsp;<\/p>\n<h2><span class=\"ez-toc-section\" id=\"Unete_a_Beatheim\"><\/span>\u00danete a Beatheim<span class=\"ez-toc-section-end\"><\/span><\/h2>\n<p>\u00bfY t\u00fa qu\u00e9 opinas al respecto? Cu\u00e9ntanoslo en nuestras redes sociales y \u00a1\u00fanete a la Comunidad <a href=\"https:\/\/www.beatheim.com\/es\/\" target=\"_blank\" rel=\"noopener\">Beatheim<\/a>!<\/p>\n<ul>\n<li><a href=\"https:\/\/es-la.facebook.com\/Beatheimdjacademy\/\" target=\"_blank\" rel=\"noopener\">Facebook<\/a><\/li>\n<li><a href=\"https:\/\/www.instagram.com\/beatheim_dj_academy\/\" target=\"_blank\" rel=\"noopener\">Instagram<\/a><\/li>\n<\/ul>\n","protected":false},"excerpt":{"rendered":"<p>\u00bfAlguna vez has so\u00f1ado con sumergirte en una experiencia musical \u00fanica y al mismo tiempo ayudar al planeta? Si es as\u00ed, no puedes perderte Rave the Planet, el festival de m\u00fasica electr\u00f3nica que ha revolucionado la industria y se ha comprometido con el movimiento de conciencia ambiental. En este art\u00edculo, te proporcionaremos toda la informaci\u00f3n&#8230;<\/p>\n","protected":false},"author":103,"featured_media":11906,"comment_status":"closed","ping_status":"closed","sticky":false,"template":"","format":"standard","meta":{"footnotes":""},"categories":[111],"tags":[],"class_list":["post-11903","post","type-post","status-publish","format-standard","has-post-thumbnail","hentry","category-dj-industry-es"],"yoast_head":"<!-- This site is optimized with the Yoast SEO plugin v27.4 - https:\/\/yoast.com\/product\/yoast-seo-wordpress\/ -->\n<title>Rave the Planet, festival de m\u00fasica electr\u00f3nica comprometido con el medio ambiente &#187; BEATHEIM<\/title>\n<meta name=\"description\" content=\"Rave the Planet, el festival de m\u00fasica electr\u00f3nica que ha revolucionado la industria, comprometido con el movimiento de conciencia ambiental.\" \/>\n<meta name=\"robots\" content=\"index, follow, max-snippet:-1, max-image-preview:large, max-video-preview:-1\" \/>\n<link rel=\"canonical\" href=\"https:\/\/www.beatheim.com\/es\/fusion-festival-2023-la-fusrave-the-planet-festival-de-musica-electronica-comprometido-con-el-medio-ambienteion-perfecta-de-musica-y-arte\/\" \/>\n<meta property=\"og:locale\" content=\"es_ES\" \/>\n<meta property=\"og:type\" content=\"article\" \/>\n<meta property=\"og:title\" content=\"Rave the Planet, festival de m\u00fasica electr\u00f3nica comprometido con el medio ambiente &#187; BEATHEIM\" \/>\n<meta property=\"og:description\" content=\"Rave the Planet, el festival de m\u00fasica electr\u00f3nica que ha revolucionado la industria, comprometido con el movimiento de conciencia ambiental.\" \/>\n<meta property=\"og:url\" content=\"https:\/\/www.beatheim.com\/es\/fusion-festival-2023-la-fusrave-the-planet-festival-de-musica-electronica-comprometido-con-el-medio-ambienteion-perfecta-de-musica-y-arte\/\" \/>\n<meta property=\"og:site_name\" content=\"BEATHEIM\" \/>\n<meta property=\"article:publisher\" content=\"https:\/\/www.facebook.com\/Beatheimdjacademy\" \/>\n<meta property=\"article:published_time\" content=\"2023-07-13T12:03:12+00:00\" \/>\n<meta property=\"article:modified_time\" content=\"2023-07-13T12:04:01+00:00\" \/>\n<meta property=\"og:image\" content=\"https:\/\/www.beatheim.com\/wp-content\/uploads\/2023\/07\/Rave-the-planet.jpg\" \/>\n\t<meta property=\"og:image:width\" content=\"1280\" \/>\n\t<meta property=\"og:image:height\" content=\"853\" \/>\n\t<meta property=\"og:image:type\" content=\"image\/jpeg\" \/>\n<meta name=\"author\" content=\"Beatheim\" \/>\n<meta name=\"twitter:card\" content=\"summary_large_image\" \/>\n<meta name=\"twitter:label1\" content=\"Escrito por\" \/>\n\t<meta name=\"twitter:data1\" content=\"Beatheim\" \/>\n\t<meta name=\"twitter:label2\" content=\"Tiempo de lectura\" \/>\n\t<meta name=\"twitter:data2\" content=\"6 minutos\" \/>\n<script type=\"application\/ld+json\" class=\"yoast-schema-graph\">{\"@context\":\"https:\\\/\\\/schema.org\",\"@graph\":[{\"@type\":[\"Article\",\"BlogPosting\"],\"@id\":\"https:\\\/\\\/www.beatheim.com\\\/es\\\/fusion-festival-2023-la-fusrave-the-planet-festival-de-musica-electronica-comprometido-con-el-medio-ambienteion-perfecta-de-musica-y-arte\\\/#article\",\"isPartOf\":{\"@id\":\"https:\\\/\\\/www.beatheim.com\\\/es\\\/fusion-festival-2023-la-fusrave-the-planet-festival-de-musica-electronica-comprometido-con-el-medio-ambienteion-perfecta-de-musica-y-arte\\\/\"},\"author\":{\"name\":\"Beatheim\",\"@id\":\"https:\\\/\\\/www.beatheim.com\\\/es\\\/#\\\/schema\\\/person\\\/ed32de48a0e6b496b84276866d6fab12\"},\"headline\":\"Rave the Planet, festival de m\u00fasica electr\u00f3nica comprometido con el medio ambiente\",\"datePublished\":\"2023-07-13T12:03:12+00:00\",\"dateModified\":\"2023-07-13T12:04:01+00:00\",\"mainEntityOfPage\":{\"@id\":\"https:\\\/\\\/www.beatheim.com\\\/es\\\/fusion-festival-2023-la-fusrave-the-planet-festival-de-musica-electronica-comprometido-con-el-medio-ambienteion-perfecta-de-musica-y-arte\\\/\"},\"wordCount\":1221,\"image\":{\"@id\":\"https:\\\/\\\/www.beatheim.com\\\/es\\\/fusion-festival-2023-la-fusrave-the-planet-festival-de-musica-electronica-comprometido-con-el-medio-ambienteion-perfecta-de-musica-y-arte\\\/#primaryimage\"},\"thumbnailUrl\":\"https:\\\/\\\/www.beatheim.com\\\/wp-content\\\/uploads\\\/2023\\\/07\\\/Rave-the-planet.jpg\",\"articleSection\":[\"DJ Industry\"],\"inLanguage\":\"es\"},{\"@type\":[\"WebPage\",\"ItemPage\"],\"@id\":\"https:\\\/\\\/www.beatheim.com\\\/es\\\/fusion-festival-2023-la-fusrave-the-planet-festival-de-musica-electronica-comprometido-con-el-medio-ambienteion-perfecta-de-musica-y-arte\\\/\",\"url\":\"https:\\\/\\\/www.beatheim.com\\\/es\\\/fusion-festival-2023-la-fusrave-the-planet-festival-de-musica-electronica-comprometido-con-el-medio-ambienteion-perfecta-de-musica-y-arte\\\/\",\"name\":\"Rave the Planet, festival de m\u00fasica electr\u00f3nica comprometido con el medio ambiente &#187; BEATHEIM\",\"isPartOf\":{\"@id\":\"https:\\\/\\\/www.beatheim.com\\\/es\\\/#website\"},\"primaryImageOfPage\":{\"@id\":\"https:\\\/\\\/www.beatheim.com\\\/es\\\/fusion-festival-2023-la-fusrave-the-planet-festival-de-musica-electronica-comprometido-con-el-medio-ambienteion-perfecta-de-musica-y-arte\\\/#primaryimage\"},\"image\":{\"@id\":\"https:\\\/\\\/www.beatheim.com\\\/es\\\/fusion-festival-2023-la-fusrave-the-planet-festival-de-musica-electronica-comprometido-con-el-medio-ambienteion-perfecta-de-musica-y-arte\\\/#primaryimage\"},\"thumbnailUrl\":\"https:\\\/\\\/www.beatheim.com\\\/wp-content\\\/uploads\\\/2023\\\/07\\\/Rave-the-planet.jpg\",\"datePublished\":\"2023-07-13T12:03:12+00:00\",\"dateModified\":\"2023-07-13T12:04:01+00:00\",\"author\":{\"@id\":\"https:\\\/\\\/www.beatheim.com\\\/es\\\/#\\\/schema\\\/person\\\/ed32de48a0e6b496b84276866d6fab12\"},\"description\":\"Rave the Planet, el festival de m\u00fasica electr\u00f3nica que ha revolucionado la industria, comprometido con el movimiento de conciencia ambiental.\",\"inLanguage\":\"es\",\"potentialAction\":[{\"@type\":\"ReadAction\",\"target\":[\"https:\\\/\\\/www.beatheim.com\\\/es\\\/fusion-festival-2023-la-fusrave-the-planet-festival-de-musica-electronica-comprometido-con-el-medio-ambienteion-perfecta-de-musica-y-arte\\\/\"]}]},{\"@type\":\"ImageObject\",\"inLanguage\":\"es\",\"@id\":\"https:\\\/\\\/www.beatheim.com\\\/es\\\/fusion-festival-2023-la-fusrave-the-planet-festival-de-musica-electronica-comprometido-con-el-medio-ambienteion-perfecta-de-musica-y-arte\\\/#primaryimage\",\"url\":\"https:\\\/\\\/www.beatheim.com\\\/wp-content\\\/uploads\\\/2023\\\/07\\\/Rave-the-planet.jpg\",\"contentUrl\":\"https:\\\/\\\/www.beatheim.com\\\/wp-content\\\/uploads\\\/2023\\\/07\\\/Rave-the-planet.jpg\",\"width\":1280,\"height\":853,\"caption\":\"Rave the Planet, festival de m\u00fasica electr\u00f3nica comprometido con el medio ambiente\"},{\"@type\":\"WebSite\",\"@id\":\"https:\\\/\\\/www.beatheim.com\\\/es\\\/#website\",\"url\":\"https:\\\/\\\/www.beatheim.com\\\/es\\\/\",\"name\":\"BEATHEIM\",\"description\":\"Beatheim DJ Academy in Berlin\",\"potentialAction\":[{\"@type\":\"SearchAction\",\"target\":{\"@type\":\"EntryPoint\",\"urlTemplate\":\"https:\\\/\\\/www.beatheim.com\\\/es\\\/?s={search_term_string}\"},\"query-input\":{\"@type\":\"PropertyValueSpecification\",\"valueRequired\":true,\"valueName\":\"search_term_string\"}}],\"inLanguage\":\"es\"},{\"@type\":\"Person\",\"@id\":\"https:\\\/\\\/www.beatheim.com\\\/es\\\/#\\\/schema\\\/person\\\/ed32de48a0e6b496b84276866d6fab12\",\"name\":\"Beatheim\",\"image\":{\"@type\":\"ImageObject\",\"inLanguage\":\"es\",\"@id\":\"https:\\\/\\\/secure.gravatar.com\\\/avatar\\\/697b80e3cef2dd581b0be54e68855040dcb18fa59b733a32d27127bd05d18e06?s=96&d=mm&r=g\",\"url\":\"https:\\\/\\\/secure.gravatar.com\\\/avatar\\\/697b80e3cef2dd581b0be54e68855040dcb18fa59b733a32d27127bd05d18e06?s=96&d=mm&r=g\",\"contentUrl\":\"https:\\\/\\\/secure.gravatar.com\\\/avatar\\\/697b80e3cef2dd581b0be54e68855040dcb18fa59b733a32d27127bd05d18e06?s=96&d=mm&r=g\",\"caption\":\"Beatheim\"}}]}<\/script>\n<!-- \/ Yoast SEO plugin. -->","yoast_head_json":{"title":"Rave the Planet, festival de m\u00fasica electr\u00f3nica comprometido con el medio ambiente &#187; BEATHEIM","description":"Rave the Planet, el festival de m\u00fasica electr\u00f3nica que ha revolucionado la industria, comprometido con el movimiento de conciencia ambiental.","robots":{"index":"index","follow":"follow","max-snippet":"max-snippet:-1","max-image-preview":"max-image-preview:large","max-video-preview":"max-video-preview:-1"},"canonical":"https:\/\/www.beatheim.com\/es\/fusion-festival-2023-la-fusrave-the-planet-festival-de-musica-electronica-comprometido-con-el-medio-ambienteion-perfecta-de-musica-y-arte\/","og_locale":"es_ES","og_type":"article","og_title":"Rave the Planet, festival de m\u00fasica electr\u00f3nica comprometido con el medio ambiente &#187; BEATHEIM","og_description":"Rave the Planet, el festival de m\u00fasica electr\u00f3nica que ha revolucionado la industria, comprometido con el movimiento de conciencia ambiental.","og_url":"https:\/\/www.beatheim.com\/es\/fusion-festival-2023-la-fusrave-the-planet-festival-de-musica-electronica-comprometido-con-el-medio-ambienteion-perfecta-de-musica-y-arte\/","og_site_name":"BEATHEIM","article_publisher":"https:\/\/www.facebook.com\/Beatheimdjacademy","article_published_time":"2023-07-13T12:03:12+00:00","article_modified_time":"2023-07-13T12:04:01+00:00","og_image":[{"width":1280,"height":853,"url":"https:\/\/www.beatheim.com\/wp-content\/uploads\/2023\/07\/Rave-the-planet.jpg","type":"image\/jpeg"}],"author":"Beatheim","twitter_card":"summary_large_image","twitter_misc":{"Escrito por":"Beatheim","Tiempo de lectura":"6 minutos"},"schema":{"@context":"https:\/\/schema.org","@graph":[{"@type":["Article","BlogPosting"],"@id":"https:\/\/www.beatheim.com\/es\/fusion-festival-2023-la-fusrave-the-planet-festival-de-musica-electronica-comprometido-con-el-medio-ambienteion-perfecta-de-musica-y-arte\/#article","isPartOf":{"@id":"https:\/\/www.beatheim.com\/es\/fusion-festival-2023-la-fusrave-the-planet-festival-de-musica-electronica-comprometido-con-el-medio-ambienteion-perfecta-de-musica-y-arte\/"},"author":{"name":"Beatheim","@id":"https:\/\/www.beatheim.com\/es\/#\/schema\/person\/ed32de48a0e6b496b84276866d6fab12"},"headline":"Rave the Planet, festival de m\u00fasica electr\u00f3nica comprometido con el medio ambiente","datePublished":"2023-07-13T12:03:12+00:00","dateModified":"2023-07-13T12:04:01+00:00","mainEntityOfPage":{"@id":"https:\/\/www.beatheim.com\/es\/fusion-festival-2023-la-fusrave-the-planet-festival-de-musica-electronica-comprometido-con-el-medio-ambienteion-perfecta-de-musica-y-arte\/"},"wordCount":1221,"image":{"@id":"https:\/\/www.beatheim.com\/es\/fusion-festival-2023-la-fusrave-the-planet-festival-de-musica-electronica-comprometido-con-el-medio-ambienteion-perfecta-de-musica-y-arte\/#primaryimage"},"thumbnailUrl":"https:\/\/www.beatheim.com\/wp-content\/uploads\/2023\/07\/Rave-the-planet.jpg","articleSection":["DJ Industry"],"inLanguage":"es"},{"@type":["WebPage","ItemPage"],"@id":"https:\/\/www.beatheim.com\/es\/fusion-festival-2023-la-fusrave-the-planet-festival-de-musica-electronica-comprometido-con-el-medio-ambienteion-perfecta-de-musica-y-arte\/","url":"https:\/\/www.beatheim.com\/es\/fusion-festival-2023-la-fusrave-the-planet-festival-de-musica-electronica-comprometido-con-el-medio-ambienteion-perfecta-de-musica-y-arte\/","name":"Rave the Planet, festival de m\u00fasica electr\u00f3nica comprometido con el medio ambiente &#187; BEATHEIM","isPartOf":{"@id":"https:\/\/www.beatheim.com\/es\/#website"},"primaryImageOfPage":{"@id":"https:\/\/www.beatheim.com\/es\/fusion-festival-2023-la-fusrave-the-planet-festival-de-musica-electronica-comprometido-con-el-medio-ambienteion-perfecta-de-musica-y-arte\/#primaryimage"},"image":{"@id":"https:\/\/www.beatheim.com\/es\/fusion-festival-2023-la-fusrave-the-planet-festival-de-musica-electronica-comprometido-con-el-medio-ambienteion-perfecta-de-musica-y-arte\/#primaryimage"},"thumbnailUrl":"https:\/\/www.beatheim.com\/wp-content\/uploads\/2023\/07\/Rave-the-planet.jpg","datePublished":"2023-07-13T12:03:12+00:00","dateModified":"2023-07-13T12:04:01+00:00","author":{"@id":"https:\/\/www.beatheim.com\/es\/#\/schema\/person\/ed32de48a0e6b496b84276866d6fab12"},"description":"Rave the Planet, el festival de m\u00fasica electr\u00f3nica que ha revolucionado la industria, comprometido con el movimiento de conciencia ambiental.","inLanguage":"es","potentialAction":[{"@type":"ReadAction","target":["https:\/\/www.beatheim.com\/es\/fusion-festival-2023-la-fusrave-the-planet-festival-de-musica-electronica-comprometido-con-el-medio-ambienteion-perfecta-de-musica-y-arte\/"]}]},{"@type":"ImageObject","inLanguage":"es","@id":"https:\/\/www.beatheim.com\/es\/fusion-festival-2023-la-fusrave-the-planet-festival-de-musica-electronica-comprometido-con-el-medio-ambienteion-perfecta-de-musica-y-arte\/#primaryimage","url":"https:\/\/www.beatheim.com\/wp-content\/uploads\/2023\/07\/Rave-the-planet.jpg","contentUrl":"https:\/\/www.beatheim.com\/wp-content\/uploads\/2023\/07\/Rave-the-planet.jpg","width":1280,"height":853,"caption":"Rave the Planet, festival de m\u00fasica electr\u00f3nica comprometido con el medio ambiente"},{"@type":"WebSite","@id":"https:\/\/www.beatheim.com\/es\/#website","url":"https:\/\/www.beatheim.com\/es\/","name":"BEATHEIM","description":"Beatheim DJ Academy in Berlin","potentialAction":[{"@type":"SearchAction","target":{"@type":"EntryPoint","urlTemplate":"https:\/\/www.beatheim.com\/es\/?s={search_term_string}"},"query-input":{"@type":"PropertyValueSpecification","valueRequired":true,"valueName":"search_term_string"}}],"inLanguage":"es"},{"@type":"Person","@id":"https:\/\/www.beatheim.com\/es\/#\/schema\/person\/ed32de48a0e6b496b84276866d6fab12","name":"Beatheim","image":{"@type":"ImageObject","inLanguage":"es","@id":"https:\/\/secure.gravatar.com\/avatar\/697b80e3cef2dd581b0be54e68855040dcb18fa59b733a32d27127bd05d18e06?s=96&d=mm&r=g","url":"https:\/\/secure.gravatar.com\/avatar\/697b80e3cef2dd581b0be54e68855040dcb18fa59b733a32d27127bd05d18e06?s=96&d=mm&r=g","contentUrl":"https:\/\/secure.gravatar.com\/avatar\/697b80e3cef2dd581b0be54e68855040dcb18fa59b733a32d27127bd05d18e06?s=96&d=mm&r=g","caption":"Beatheim"}}]}},"_links":{"self":[{"href":"https:\/\/www.beatheim.com\/es\/wp-json\/wp\/v2\/posts\/11903","targetHints":{"allow":["GET"]}}],"collection":[{"href":"https:\/\/www.beatheim.com\/es\/wp-json\/wp\/v2\/posts"}],"about":[{"href":"https:\/\/www.beatheim.com\/es\/wp-json\/wp\/v2\/types\/post"}],"author":[{"embeddable":true,"href":"https:\/\/www.beatheim.com\/es\/wp-json\/wp\/v2\/users\/103"}],"replies":[{"embeddable":true,"href":"https:\/\/www.beatheim.com\/es\/wp-json\/wp\/v2\/comments?post=11903"}],"version-history":[{"count":0,"href":"https:\/\/www.beatheim.com\/es\/wp-json\/wp\/v2\/posts\/11903\/revisions"}],"wp:featuredmedia":[{"embeddable":true,"href":"https:\/\/www.beatheim.com\/es\/wp-json\/wp\/v2\/media\/11906"}],"wp:attachment":[{"href":"https:\/\/www.beatheim.com\/es\/wp-json\/wp\/v2\/media?parent=11903"}],"wp:term":[{"taxonomy":"category","embeddable":true,"href":"https:\/\/www.beatheim.com\/es\/wp-json\/wp\/v2\/categories?post=11903"},{"taxonomy":"post_tag","embeddable":true,"href":"https:\/\/www.beatheim.com\/es\/wp-json\/wp\/v2\/tags?post=11903"}],"curies":[{"name":"wp","href":"https:\/\/api.w.org\/{rel}","templated":true}]}}