{"id":13139,"date":"2024-08-21T09:21:12","date_gmt":"2024-08-21T07:21:12","guid":{"rendered":"https:\/\/www.beatheim.com\/moyn-festival-2024-ein-fest-der-musik-kunst-und-gemeinschaft\/"},"modified":"2024-08-21T15:29:46","modified_gmt":"2024-08-21T13:29:46","slug":"moyn-festival-2024-ein-fest-der-musik-kunst-und-gemeinschaft","status":"publish","type":"post","link":"https:\/\/www.beatheim.com\/de\/moyn-festival-2024-ein-fest-der-musik-kunst-und-gemeinschaft\/","title":{"rendered":"Moyn Festival 2024: Ein Fest der Musik, Kunst und Gemeinschaft"},"content":{"rendered":"<div id=\"ez-toc-container\" class=\"ez-toc-v2_0_82_2 counter-hierarchy ez-toc-counter ez-toc-black ez-toc-container-direction\">\n<div class=\"ez-toc-title-container\"><p class=\"ez-toc-title\" style=\"cursor:inherit\">Table of Contents<\/p>\n<\/div><nav><ul class='ez-toc-list ez-toc-list-level-1 ' ><li class='ez-toc-page-1 ez-toc-heading-level-2'><a class=\"ez-toc-link ez-toc-heading-1\" href=\"https:\/\/www.beatheim.com\/de\/moyn-festival-2024-ein-fest-der-musik-kunst-und-gemeinschaft\/#Geschichte_des_Moyn_Festivals\" >Geschichte des Moyn Festivals<\/a><\/li><li class='ez-toc-page-1 ez-toc-heading-level-2'><a class=\"ez-toc-link ez-toc-heading-2\" href=\"https:\/\/www.beatheim.com\/de\/moyn-festival-2024-ein-fest-der-musik-kunst-und-gemeinschaft\/#Philosophie_und_Werte_Das_Moynfest\" >Philosophie und Werte: Das Moynfest<\/a><\/li><li class='ez-toc-page-1 ez-toc-heading-level-2'><a class=\"ez-toc-link ez-toc-heading-3\" href=\"https:\/\/www.beatheim.com\/de\/moyn-festival-2024-ein-fest-der-musik-kunst-und-gemeinschaft\/#Wann_findet_das_Moyn_Festival_2024_statt\" >Wann findet das Moyn Festival 2024 statt?<\/a><\/li><li class='ez-toc-page-1 ez-toc-heading-level-2'><a class=\"ez-toc-link ez-toc-heading-4\" href=\"https:\/\/www.beatheim.com\/de\/moyn-festival-2024-ein-fest-der-musik-kunst-und-gemeinschaft\/#Wo_findet_das_Moyn_Festival_2024_statt\" >Wo findet das Moyn Festival 2024 statt?<\/a><\/li><li class='ez-toc-page-1 ez-toc-heading-level-2'><a class=\"ez-toc-link ez-toc-heading-5\" href=\"https:\/\/www.beatheim.com\/de\/moyn-festival-2024-ein-fest-der-musik-kunst-und-gemeinschaft\/#Programm_Moyn_Festival_2024_VorgestellteKuenstler\" >Programm Moyn Festival 2024. VorgestellteK\u00fcnstler<\/a><ul class='ez-toc-list-level-3' ><li class='ez-toc-heading-level-3'><a class=\"ez-toc-link ez-toc-heading-6\" href=\"https:\/\/www.beatheim.com\/de\/moyn-festival-2024-ein-fest-der-musik-kunst-und-gemeinschaft\/#DJs\" >DJs<\/a><\/li><\/ul><\/li><li class='ez-toc-page-1 ez-toc-heading-level-2'><a class=\"ez-toc-link ez-toc-heading-7\" href=\"https:\/\/www.beatheim.com\/de\/moyn-festival-2024-ein-fest-der-musik-kunst-und-gemeinschaft\/#Tickets_und_Preise\" >Tickets und Preise<\/a><ul class='ez-toc-list-level-3' ><li class='ez-toc-heading-level-3'><a class=\"ez-toc-link ez-toc-heading-8\" href=\"https:\/\/www.beatheim.com\/de\/moyn-festival-2024-ein-fest-der-musik-kunst-und-gemeinschaft\/#Ausverkauft\" >Ausverkauft<\/a><\/li><li class='ez-toc-page-1 ez-toc-heading-level-3'><a class=\"ez-toc-link ez-toc-heading-9\" href=\"https:\/\/www.beatheim.com\/de\/moyn-festival-2024-ein-fest-der-musik-kunst-und-gemeinschaft\/#Phasen_des_Kartenverkaufs\" >Phasen des Kartenverkaufs<\/a><\/li><li class='ez-toc-page-1 ez-toc-heading-level-3'><a class=\"ez-toc-link ez-toc-heading-10\" href=\"https:\/\/www.beatheim.com\/de\/moyn-festival-2024-ein-fest-der-musik-kunst-und-gemeinschaft\/#Camper-Ticket_Eine_Neuerung_fuer_2024\" >Camper-Ticket: Eine Neuerung f\u00fcr 2024<\/a><\/li><li class='ez-toc-page-1 ez-toc-heading-level-3'><a class=\"ez-toc-link ez-toc-heading-11\" href=\"https:\/\/www.beatheim.com\/de\/moyn-festival-2024-ein-fest-der-musik-kunst-und-gemeinschaft\/#Wie_man_Tickets_kauft\" >Wie man Tickets kauft<\/a><\/li><\/ul><\/li><li class='ez-toc-page-1 ez-toc-heading-level-2'><a class=\"ez-toc-link ez-toc-heading-12\" href=\"https:\/\/www.beatheim.com\/de\/moyn-festival-2024-ein-fest-der-musik-kunst-und-gemeinschaft\/#Adresse_So_erreichen_Sie_das_Moyn_Festival_2024\" >Adresse. So erreichen Sie das Moyn Festival 2024<\/a><\/li><li class='ez-toc-page-1 ez-toc-heading-level-2'><a class=\"ez-toc-link ez-toc-heading-13\" href=\"https:\/\/www.beatheim.com\/de\/moyn-festival-2024-ein-fest-der-musik-kunst-und-gemeinschaft\/#Haeufig_gestellte_Fragen_FAQs\" >H\u00e4ufig gestellte Fragen (FAQs)<\/a><ul class='ez-toc-list-level-3' ><li class='ez-toc-heading-level-3'><a class=\"ez-toc-link ez-toc-heading-14\" href=\"https:\/\/www.beatheim.com\/de\/moyn-festival-2024-ein-fest-der-musik-kunst-und-gemeinschaft\/#Kann_ich_mit_meinem_AutoVan_auf_den_Campingplatz_fahren\" >Kann ich mit meinem Auto\/Van auf den Campingplatz fahren?<\/a><\/li><li class='ez-toc-page-1 ez-toc-heading-level-3'><a class=\"ez-toc-link ez-toc-heading-15\" href=\"https:\/\/www.beatheim.com\/de\/moyn-festival-2024-ein-fest-der-musik-kunst-und-gemeinschaft\/#Ist_das_Festival_zugaenglich\" >Ist das Festival zug\u00e4nglich?<\/a><\/li><li class='ez-toc-page-1 ez-toc-heading-level-3'><a class=\"ez-toc-link ez-toc-heading-16\" href=\"https:\/\/www.beatheim.com\/de\/moyn-festival-2024-ein-fest-der-musik-kunst-und-gemeinschaft\/#Kann_ich_Essen_und_Getraenke_mitbringen\" >Kann ich Essen und Getr\u00e4nke mitbringen?<\/a><\/li><li class='ez-toc-page-1 ez-toc-heading-level-3'><a class=\"ez-toc-link ez-toc-heading-17\" href=\"https:\/\/www.beatheim.com\/de\/moyn-festival-2024-ein-fest-der-musik-kunst-und-gemeinschaft\/#Ist_Wasser_verfuegbar\" >Ist Wasser verf\u00fcgbar?<\/a><\/li><li class='ez-toc-page-1 ez-toc-heading-level-3'><a class=\"ez-toc-link ez-toc-heading-18\" href=\"https:\/\/www.beatheim.com\/de\/moyn-festival-2024-ein-fest-der-musik-kunst-und-gemeinschaft\/#Sind_medizinische_Dienste_verfuegbar\" >Sind medizinische Dienste verf\u00fcgbar?<\/a><\/li><li class='ez-toc-page-1 ez-toc-heading-level-3'><a class=\"ez-toc-link ez-toc-heading-19\" href=\"https:\/\/www.beatheim.com\/de\/moyn-festival-2024-ein-fest-der-musik-kunst-und-gemeinschaft\/#Was_soll_ich_tun_wenn_ich_nicht_am_Festival_teilnehmen_kann_und_bereits_eine_Eintrittskarte_habe\" >Was soll ich tun , wenn ich nicht am Festival teilnehmen kann und bereits eine Eintrittskarte habe?<\/a><\/li><li class='ez-toc-page-1 ez-toc-heading-level-3'><a class=\"ez-toc-link ez-toc-heading-20\" href=\"https:\/\/www.beatheim.com\/de\/moyn-festival-2024-ein-fest-der-musik-kunst-und-gemeinschaft\/#Kann_ich_den_Namen_auf_meinem_Ticket_aendern_wenn_ich_es_verkauft_oder_gekauft_habe\" >Kann ich den Namen auf meinem Ticket \u00e4ndern , wenn ich es verkauft oder gekauft habe?<\/a><\/li><li class='ez-toc-page-1 ez-toc-heading-level-3'><a class=\"ez-toc-link ez-toc-heading-21\" href=\"https:\/\/www.beatheim.com\/de\/moyn-festival-2024-ein-fest-der-musik-kunst-und-gemeinschaft\/#Darf_ich_das_Festival_wieder_betreten_wenn_ich_das_Gelaende_verlasse\" >Darf ich das Festival wieder betreten , wenn ich das Gel\u00e4nde verlasse?<\/a><\/li><li class='ez-toc-page-1 ez-toc-heading-level-3'><a class=\"ez-toc-link ez-toc-heading-22\" href=\"https:\/\/www.beatheim.com\/de\/moyn-festival-2024-ein-fest-der-musik-kunst-und-gemeinschaft\/#Gibt_es_Ladestationen_fuer_elektronische_Geraete\" >Gibt es Ladestationen f\u00fcr elektronische Ger\u00e4te?<\/a><\/li><li class='ez-toc-page-1 ez-toc-heading-level-3'><a class=\"ez-toc-link ez-toc-heading-23\" href=\"https:\/\/www.beatheim.com\/de\/moyn-festival-2024-ein-fest-der-musik-kunst-und-gemeinschaft\/#Was_passiert_wenn_das_Festival_abgesagt_oder_verschoben_wird\" >Was passiert , wenn das Festival abgesagt oder verschoben wird?<\/a><\/li><li class='ez-toc-page-1 ez-toc-heading-level-3'><a class=\"ez-toc-link ez-toc-heading-24\" href=\"https:\/\/www.beatheim.com\/de\/moyn-festival-2024-ein-fest-der-musik-kunst-und-gemeinschaft\/#Sind_Haustiere_erlaubt\" >Sind Haustiere erlaubt?<\/a><\/li><li class='ez-toc-page-1 ez-toc-heading-level-3'><a class=\"ez-toc-link ez-toc-heading-25\" href=\"https:\/\/www.beatheim.com\/de\/moyn-festival-2024-ein-fest-der-musik-kunst-und-gemeinschaft\/#Gibt_es_nach_dem_Ende_des_Festivals_jeden_Abend_oeffentliche_Verkehrsmittel\" >Gibt es nach dem Ende des Festivals jeden Abend \u00f6ffentliche Verkehrsmittel?<\/a><\/li><\/ul><\/li><li class='ez-toc-page-1 ez-toc-heading-level-2'><a class=\"ez-toc-link ez-toc-heading-26\" href=\"https:\/\/www.beatheim.com\/de\/moyn-festival-2024-ein-fest-der-musik-kunst-und-gemeinschaft\/#Beatheim_beitreten\" >Beatheim beitreten<\/a><\/li><\/ul><\/nav><\/div>\n<p>Das <strong>Moyn Festival 2024<\/strong> entwickelt sich zu einem der am meisten erwarteten Ereignisse des Sommers f\u00fcr Liebhaber von Musik, Kunst und alternativer Kultur. Die Veranstaltung, die vom 22. bis 25. August in der bezaubernden Kulisse des Backsbergs stattfindet, ist nicht nur ein Festival, sondern ein Fest der Gemeinschaft, der Kreativit\u00e4t und der gemeinsamen Werte. Wenn Sie auf der Suche nach einem einzigartigen Erlebnis jenseits aller Konventionen sind, ist das Moyn Festival 2024 der richtige Ort f\u00fcr Sie.   &nbsp;<\/p>\n<h2><span class=\"ez-toc-section\" id=\"Geschichte_des_Moyn_Festivals\"><\/span>Geschichte des Moyn Festivals<span class=\"ez-toc-section-end\"><\/span><\/h2>\n<p> Das Moyn Festival entstand aus der Vision einer Gruppe von Kollektiven und kreativen Einzelpersonen, die etwas mehr als nur ein Festival schaffen wollten. Seit seinen Anf\u00e4ngen ist Moyn ein Raum f\u00fcr k\u00fcnstlerische Experimente, Musik ohne Grenzen und den Aufbau einer Gemeinschaft, die durch gemeinsame Werte verbunden ist. Mit jeder Ausgabe ist das Festival gewachsen, nicht nur in der Gr\u00f6\u00dfe, sondern auch in der Tiefe seiner kulturellen und sozialen Wirkung. Das Festival ist seiner urspr\u00fcnglichen Mission treu geblieben: einen \u201eFestschmaus\u201c f\u00fcr alle zu bieten, bei dem jeder Besucher seinen Platz finden kann, sei es als aktiver Teilnehmer an Workshops und Aktivit\u00e4ten oder einfach als Teil eines Publikums, das Vielfalt und Kreativit\u00e4t feiert.    &nbsp;<\/p>\n<h2><span class=\"ez-toc-section\" id=\"Philosophie_und_Werte_Das_Moynfest\"><\/span>Philosophie und Werte: Das Moynfest<span class=\"ez-toc-section-end\"><\/span><\/h2>\n<p> Das Herzst\u00fcck des Moyn Festivals ist das Moynifest, ein Manifest , das die Werte und die Philosophie des Festivals widerspiegelt. Dieses Manifest unterstreicht die Bedeutung von Zusammenarbeit, Gleichheit, Vielfalt und Nachhaltigkeit. Das Festival ist ein Raum f\u00fcr kollektives Schaffen, wo es traditionelle Hierarchien ablehnt und ein Umfeld f\u00f6rdert , in dem ein Umfeld , in dem jeder eine Stimme hat.   <img loading=\"lazy\" decoding=\"async\" class=\"aligncenter size-full wp-image-13116\" src=\"https:\/\/www.beatheim.com\/wp-content\/uploads\/2024\/08\/Moyn-Festival-2024-history.jpg\" alt=\"Geschichte des Moyn Festivals\" width=\"1280\" height=\"853\" srcset=\"https:\/\/www.beatheim.com\/wp-content\/uploads\/2024\/08\/Moyn-Festival-2024-history.jpg 1280w, https:\/\/www.beatheim.com\/wp-content\/uploads\/2024\/08\/Moyn-Festival-2024-history-640x427.jpg 640w, https:\/\/www.beatheim.com\/wp-content\/uploads\/2024\/08\/Moyn-Festival-2024-history-160x107.jpg 160w, https:\/\/www.beatheim.com\/wp-content\/uploads\/2024\/08\/Moyn-Festival-2024-history-768x512.jpg 768w, https:\/\/www.beatheim.com\/wp-content\/uploads\/2024\/08\/Moyn-Festival-2024-history-320x213.jpg 320w, https:\/\/www.beatheim.com\/wp-content\/uploads\/2024\/08\/Moyn-Festival-2024-history-600x400.jpg 600w, https:\/\/www.beatheim.com\/wp-content\/uploads\/2024\/08\/Moyn-Festival-2024-history-100x67.jpg 100w\" sizes=\"auto, (max-width: 1280px) 100vw, 1280px\" \/> Das Moynifest unterstreicht auch das Engagement des Festivals f\u00fcr soziale Verantwortung und Umweltschutz. sozialen Verantwortung und dem Schutz der Umwelt. Die bewusste Nutzung von Ressourcen, Wiederverwendung und Abfallminimierung werden gef\u00f6rdert. Dar\u00fcber hinaus ist das Festival bestrebt, einen sicheren und respektvollen Raum f\u00fcr alle Besucher zu schaffen, ist das Festival bestrebt , einen sicheren und respektvollen Raum f\u00fcr alle Besucher zu schaffen, in dem Individualit\u00e4t und Vielfalt gefeiert werden.   &nbsp;<\/p>\n<h2><span class=\"ez-toc-section\" id=\"Wann_findet_das_Moyn_Festival_2024_statt\"><\/span>Wann findet das Moyn Festival 2024 statt?<span class=\"ez-toc-section-end\"><\/span><\/h2>\n<p> Das <strong>Moyn Festival 2024<\/strong> findet von Donnerstag, 22 . August, bis Sonntag, 25 . August, statt. Die Tore des Festivals werden offiziell am Donnerstag um 16 Uhr ge\u00f6ffnet:00 Uhr, und damit beginnen drei Tage voller Musik, Kunst und unvergesslicher Erlebnisse. Das Festival endet am Sonntag um 22:00, aber die Campingg\u00e4ste k\u00f6nnen bis Montag, den 26 . August bleiben, mit der Verpflichtung , den Campingplatz vor 16 Uhr zu verlassen:00.   &nbsp;<\/p>\n<h2><span class=\"ez-toc-section\" id=\"Wo_findet_das_Moyn_Festival_2024_statt\"><\/span>Wo findet das Moyn Festival 2024 statt?<span class=\"ez-toc-section-end\"><\/span><\/h2>\n<p> Das Festival findet in Backsberg statt, einer malerischen Enklave in Oyten, das sich jedes Jahr in einen magischen Ort voller Musik und Kunst verwandelt. Der Ort, umgeben von Natur, bietet den perfekten Rahmen f\u00fcr ein eindringliches Erlebnis wo Musik und Kunst mit der nat\u00fcrlichen Umgebung verschmelzen.  <iframe loading=\"lazy\" style=\"border: 0;\" src=\"https:\/\/www.google.com\/maps\/embed?pb=!1m18!1m12!1m3!1d2395.6224433993243!2d9.056852100000002!3d53.0990154!2m3!1f0!2f0!3f0!3m2!1i1024!2i768!4f13.1!3m3!1m2!1s0x47b121d066117b45%3A0xf2d84f24bd12bb3c!2sMoyn%20-%20Ein%20Festival%20im%20Norden!5e0!3m2!1ses!2ses!4v1724054003305!5m2!1ses!2ses\" width=\"100%\" height=\"450\" allowfullscreen=\"allowfullscreen\"><\/iframe><\/p>\n<p>&nbsp;<\/p>\n<h2><span class=\"ez-toc-section\" id=\"Programm_Moyn_Festival_2024_VorgestellteKuenstler\"><\/span>Programm Moyn Festival 2024. VorgestellteK\u00fcnstler <span class=\"ez-toc-section-end\"><\/span><\/h2>\n<p> Das Moyn Festival 2024 pr\u00e4sentiert ein beeindruckendes Programm mit einem eklektischen Mix aus DJs, Live-Acts und Bands , die die Besucher auf eine unvergleichliche musikalische Reise mitnehmen Die Besucher werden auf eine musikalische Reise mitgenommen, die ihresgleichen sucht. Zu den Highlights geh\u00f6ren Acid Burrito, Amanda Ghatorra, Jake the Rapper und Maria die Ruhe Live, neben vielen anderen K\u00fcnstlern , die ein breites Spektrum an Genres und Stilen abdecken.  <img loading=\"lazy\" decoding=\"async\" class=\"aligncenter size-full wp-image-13119\" src=\"https:\/\/www.beatheim.com\/wp-content\/uploads\/2024\/08\/Moyn-Festival-2024-lineup.jpg\" alt=\"Programm Moyn Festival 2024. VorgestellteK\u00fcnstler\" width=\"1280\" height=\"853\" srcset=\"https:\/\/www.beatheim.com\/wp-content\/uploads\/2024\/08\/Moyn-Festival-2024-lineup.jpg 1280w, https:\/\/www.beatheim.com\/wp-content\/uploads\/2024\/08\/Moyn-Festival-2024-lineup-640x427.jpg 640w, https:\/\/www.beatheim.com\/wp-content\/uploads\/2024\/08\/Moyn-Festival-2024-lineup-160x107.jpg 160w, https:\/\/www.beatheim.com\/wp-content\/uploads\/2024\/08\/Moyn-Festival-2024-lineup-768x512.jpg 768w, https:\/\/www.beatheim.com\/wp-content\/uploads\/2024\/08\/Moyn-Festival-2024-lineup-320x213.jpg 320w, https:\/\/www.beatheim.com\/wp-content\/uploads\/2024\/08\/Moyn-Festival-2024-lineup-600x400.jpg 600w, https:\/\/www.beatheim.com\/wp-content\/uploads\/2024\/08\/Moyn-Festival-2024-lineup-100x67.jpg 100w\" sizes=\"auto, (max-width: 1280px) 100vw, 1280px\" \/> Von der st\u00e4ndigen Bewegung bei Jekken Jolle, \u00fcber die sanften und wilden Rhythmen bei Hilde, bis hin zu den extravaganten N\u00e4chten bei Speziale und dem entspannten Treiben auf den kleinen B\u00fchnen, jede Ecke des Festivals bietet ein einzigartiges Musikerlebnis. Die Vielfalt des Programms sorgt daf\u00fcr, dass alle Besucher etwas finden , das sie bewegt und das sie bewegt und sie mit der Musik auf einer tiefen Ebene verbindet.  <\/p>\n<h3><span class=\"ez-toc-section\" id=\"DJs\"><\/span>DJs<span class=\"ez-toc-section-end\"><\/span><\/h3>\n<p> Acid Burrito \u2013 ACUD \u2013 Airi Live \u2013 Amanda Ghatorra \u2013 Ana Cover \u2013 Andy Strauss illegale Ravemesse \u2013 Anicca \u2013 Ankytrixx \u2013 Annca \u2013 APHE \u2013 Arne Schattenberg \u2013 Avocado \u2013 Beate \u2013 Bebibelli b2b Simmel \u2013 Bekka \u2013 Bekno \u2013 Ben _Glock \u2013 Ben Derris \u2013 Beripolar \u2013 between4and5 live \u2013 BIGZY \u2013 b\u012bsu \u2013 Bizzarro Universe Hybrid \u2013 BLYSS b2b 2bias \u2013 Bonfante \u2013 Bonnie Ford \u2013 BURNTALE \u2013 C.A RAMIREZ \u2013 C\u00b4mon \u2013 C3TO \u2013 Charley White \u2013 Cintag  George Geil live \u2013 Cloppis \u2013 Coco Loris \u2013 Commander Love \u2013 Crille  Tamalt \u2013 D-AY-3000 \u2013 Daniel Krau \u2013 Danito San \u2013 Das blanke Extrem live \u2013 DAS MAER Live \u2013 Delia Plangg \u2013 D\u00e9pen:dance \u2013 Devino \u2013 DJ Kareless \u2013 DJ Marie b2b Sch\u00fcmacher b2b zwinki zwonki \u2013 DJ Mirko Machine \u2013 DJ Sprudel b2b Samcho Panza \u2013 DJ Super Rush b2b Kimchi Cora \u2013 DJOANNA \u2013 Dr.Warte:Mal \u2013 DJ VU \u2013 Dozza  Tonyaa live \u2013 Driftwood \u2013 Dschiri \u2013 Eightball \u2013 El batos \u2013 Elisa Elisa \u2013 Erhardt Schuster \u2013 ESKALIN \u2013 Eva Vrijdag \u2013 F3L0R b2b Mats Muster \u2013 Fab Massimo \u2013 Face \u2013 Faia (NOR) \u2013 Falscher Hase \u2013 Fauna \u2013 Finn Bonin \u2013 fl4vorblu3  CRL \u2013 Flave Live \u2013 Freidinger \u2013 gili \u2013 Glitterboi \u2013 Goa Jonas \u2013 Goldy.mp3 Live \u2013 Grace  Ghetto \u2013 Gwen Wayne b2b nurmiri \u2013 Haensen  Gretel \u2013 Hanna Baertig \u2013 Haptik \u2013 Harry Nippels \u2013 HDGDL \u2013 Hihat \u2013 Ida Daugaard \u2013 Inh\u00e4renz b2b Valle Valencia \u2013 Isabeau Fort \u2013 Ivana Parti \u2013 Jake the Rapper \u2013 Jane Ul\u00e9 \u2013 Jecke Jolle Allstars \u2013 Jedidiah (AUS) \u2013 JETSKI Freunde Saarbr\u00fccken \u2013 JOE LION \u2013 J\u00f8n b2b Bakaro \u2013 JOMM JALLA BOMM \u2013 Jonathan Haehn \u2013 Joseph Disco  Lamp\u00e9 \u2013 Just.us b2b Milla Lou \u2013 Justin Tinderdate \u2013 Kabel 8 live \u2013 Kaddi Kippenberger \u2013 KARMAKIND \u2013 K\u00e4ssrin Kelch \u2013 Klackwerk \u2013 Kobilicious \u2013 Kon Faber \u2013 Kosmas \u2013 Kronik b2b Dead Sync \u2013 Kunterwei\u00df \u2013 Lasse Junge live \u2013 Late Night Jockel Session b2b Volker Arnold \u2013 LARS BEERMANN \u2013 Lax Morenz \u2013 Laxberger \u2013 Le.Fu  Baskind \u2013 lena bohlance \u2013 Leon Row \u2013 Lisa Luka \u2013 LOLA MOON b2b LISSON \u2013 Lui Mafuta Live \u2013 Lupo \u2013 Luv Attack \u2013 MAGNUS \u2013 Maka \u2013 Maria die Ruhe Live \u2013 Markus Wesen \u2013 Martha van Straaten \u2013 Master Of Recipe \u2013 Maxima \u2013 Melanchromie \u2013 Meraki \u2013 Mila Stern \u2013 Miniyme b2b Modulism \u2013 Monch MC \u2013 Mondenkind \u2013 MONSK \u2013 Moriza  Friend \u2013 Mr. Ciao \u2013 M\u00fclheimer Perle \u2013 NADA FORMOSA \u2013 Nahuel \u2013 Naya Lachs \u2013 Neya \u2013 ni:vek \u2013 Nici Palm \u2013 Nik Sour b2b Allodrop \u2013 Noazem \u2013 Nora Beisel \u2013 nyembamba \u2013 OhneMilchundZucker \u2013 Olivia Mendez \u2013 PATRICK NUWAK  WATSON live \u2013 PHILIP AQUALAND \u2013 PPS \u2013 Praise b2b Sarah de la Rosa \u2013 Pralina \u2013 PRINTSHOPBOYZ \u2013 Professor Rave \u2013 R3nata \u2013 Rachel Raw \u2013 RadioLoveLove \u2013 Remsi \u2013 Rhabia \u2013 ROBOT MAI \u2013 RSS Disco \u2013 Sacred Fool \u2013 Sad Fu\u00dfball live \u2013 SaltySour \u2013 Sarah Lynn \u2013 Senthuran Nageswaran \u2013 Shay \u2013 Shirakawa \u2013 SIMS  MAYDIN \u2013 Sonnensysteme \u2013 S\u00d6RI\u00d6S \u2013 Speedboys Hybrid \u2013 Spion  Spion \u2013 Stefan V\u00f6st \u2013 Sub Semantics \u2013 SUPERGLOSS \u2013 SURICATA \u2013 Surreal \u2013 Sutsche \u2013 Synkope \u2013 Tantchen 363 \u2013 The Second I \u2013 There you ghost \u2013 Thrive  Gus \u2013 Thujan \u2013 Toto Caramello \u2013 Township Rebellion \u2013 Trauma Mia \u2013 Tudse \u2013 Turbo Tjorgen \u2013 Tvisker \u2013 UrbnMowgli \u2013 Urem \u2013 VEB Elektrokunst \u2013 Versacer Live \u2013 VEUCHT \u2013 VID \u2013VIE EN VIE LIVE \u2013 Vinvar \u2013 WIR SIND DIE SONNE Live \u2013 Yetti Meissner.  &nbsp;<\/p>\n<h2><span class=\"ez-toc-section\" id=\"Tickets_und_Preise\"><\/span>Tickets und Preise<span class=\"ez-toc-section-end\"><\/span><\/h2>\n<p> Das Moyn Festival 2024 ist nicht nur eine Musikveranstaltung, sondern ein Erlebnis der Subkultur und der kollektiven Kreativit\u00e4t. Der Zugang zu diesem alternativen Universum erfolgt in verschiedenen Phasen des Kartenverkaufs, mit gestaffelten Preisen , die die Nachfrage und die Vorfreude und die Vorfreude darauf, Teil dieser einzigartigen Feier zu sein .  <\/p>\n<h3><span class=\"ez-toc-section\" id=\"Ausverkauft\"><\/span>Ausverkauft<span class=\"ez-toc-section-end\"><\/span><\/h3>\n<p> Die Karten f\u00fcr das Moyn Festival 2024 waren schnell ausverkauft, was angesichts der Beliebtheit der Veranstaltung nicht verwunderlich ist. F\u00fcr diejenigen , die ihre Karten bereits haben, ist es jedoch wichtig ist es wichtig, ein paar Dinge zu beachten:  <\/p>\n<ul>\n<li><strong> Verkauf<\/strong>: Die Tickets waren ab Freitag, den 29. September um 17:17 Uhr erh\u00e4ltlich.<\/li>\n<li><strong>Tickets f\u00fcr Einwohner<\/strong>: Diese sind nur f\u00fcr Einwohner der Gemeinden Oyten, Bassen, Sagehorn und Fischerhude, mit einer begrenzten Anzahl von Tageskarten.<\/li>\n<li><strong>Wiedereinreichung von Tickets<\/strong>: Wenn Sie Ihr Ticket verloren oder versehentlich gel\u00f6scht haben, k\u00f6nnen Sie \u00fcber <a href=\"https:\/\/moynfestival.de\/\" target=\"_blank\" rel=\"noopener\"> die offizielleWebsite des Festivals<\/a> eine erneute Zusendung anfordern.<\/li>\n<\/ul>\n<p> F\u00fcr diejenigen, die Tickets aus zweiter Hand kaufen oder verkaufen m\u00f6chten, hat das Festival ein Code-Verifizierungssystem eingerichtet, um die Echtheit der Karten zu \u00fcberpr\u00fcfen um die Echtheit der Eintrittskarten zu gew\u00e4hrleisten und Betrug zu vermeiden. <\/p>\n<h3><span class=\"ez-toc-section\" id=\"Phasen_des_Kartenverkaufs\"><\/span>Phasen des Kartenverkaufs<span class=\"ez-toc-section-end\"><\/span><\/h3>\n<p> Die Preise f\u00fcr die Eintrittskarten sind in mehreren Stufen gestaffelt, die es den Besuchern erm\u00f6glichen, sich einen Platz auf dem Festival zu sichern , je nachdem, wie gro\u00df ihre Vorfreude ist: <\/p>\n<ul>\n<li><strong>Phase 1<\/strong>: 165 Euro + 10 Euro Pfand f\u00fcr die Abfallentsorgung.<\/li>\n<li><strong>Phase 2<\/strong>: 185 Euro + 10 Euro Kaution f\u00fcr die Abfallentsorgung.<\/li>\n<li><strong>Phase 3<\/strong>: 195 Euro + 10 Euro Pfand f\u00fcr die Abfallentsorgung.<\/li>\n<li><strong>Phase 4<\/strong>: 210 Euro + 10 Euro Pfand f\u00fcr die Abfallentsorgung.<\/li>\n<li><strong>Phase 5<\/strong>: 235 Euro + 10 Euro Kaution f\u00fcr die Abfallentsorgung.<\/li>\n<\/ul>\n<p> Das Abfallwirtschaftszentrum ist ein wesentlicher Bestandteil des Engagements des Festivals f\u00fcr Nachhaltigkeit. Das Abfalldepot ist ein fester Bestandteil des Engagements des Festivals f\u00fcr Nachhaltigkeit. Dieses Pfand wird im Austausch gegen einen vollen M\u00fcllsack zur\u00fcckerstattet, und tragen so dazu bei, den Raum , den wir alle teilen , sauber zu halten.  <\/p>\n<h3><span class=\"ez-toc-section\" id=\"Camper-Ticket_Eine_Neuerung_fuer_2024\"><\/span>Camper-Ticket: Eine Neuerung f\u00fcr 2024<span class=\"ez-toc-section-end\"><\/span><\/h3>\n<p> In diesem Jahr f\u00fchrt das Moyn Festival zum ersten Mal das Camper Ticket ein, ein zus\u00e4tzliches obligatorisches Ticket f\u00fcr diejenigen, die mit ihrem Wohnmobil, Van oder Bus zum Festival kommen m\u00f6chten. Das Camper-Ticket kostet 25 Euro und ist erforderlich, um mit dem Fahrzeug in den Campingbereich zu gelangen. Bitte beachten Sie, dass dieses Ticket begrenzt ist. Es ist daher ratsam, es so bald wie m\u00f6glich zu kaufen, wenn Sie das Festival mit Ihrem Wohnmobil besuchen m\u00f6chten. <strong>Wichtig<\/strong>: Ohne Camper-Ticket haben Sie keinen Zugang zum Festivalgel\u00e4nde mit Ihrem Fahrzeug. Sie k\u00f6nnen jedoch kostenlos auf dem Parkplatz direkt neben dem Festivalgel\u00e4nde parken.    <\/p>\n<h3><span class=\"ez-toc-section\" id=\"Wie_man_Tickets_kauft\"><\/span>Wie man Tickets kauft<span class=\"ez-toc-section-end\"><\/span><\/h3>\n<p> Die Tickets k\u00f6nnen \u00fcber den offiziellen Festival-Shop erworben werden. Wenn Sie Fragen zum Kaufvorgang haben oder Hilfe ben\u00f6tigen, wenden Sie sich bitte an das Support-Team unter <a href=\"\" target=\"\" rel=\"noopener\">supportanfrage@111000111.de.<\/a> Dar\u00fcber hinaus k\u00f6nnen Sie sich bei allen anderen Fragen im Zusammenhang mit der Veranstaltung wenden Sie sich bitte an <a href=\"\" target=\"\" rel=\"noopener\">kontakt@abro-team.de.<\/a>   &nbsp;<\/p>\n<h2><span class=\"ez-toc-section\" id=\"Adresse_So_erreichen_Sie_das_Moyn_Festival_2024\"><\/span>Adresse. So erreichen Sie das Moyn Festival 2024 <span class=\"ez-toc-section-end\"><\/span><\/h2>\n<p> Die Anreise zum Moyn Festival 2024 ist einfach, denn es gibt mehrere Transportm\u00f6glichkeiten: <\/p>\n<ul>\n<li><strong>Mit dem Zug<\/strong>: Die n\u00e4chstgelegene Bahnstation ist Sagehorn, von Bremen aus in nur 12 Minuten und von Hamburg aus in etwa 1 Stunde und 15 Minutenzu erreichen. Vom Bahnhofaus bringt Sie ein Shuttle-Service direkt zum Festivalgel\u00e4nde. <\/li>\n<li><strong>Mit dem Auto<\/strong>: Die Adresse f\u00fcr Ihr GPS ist Backsberg 1, 28876 Oyten. Parkm\u00f6glichkeiten gibt es direkt neben dem Festival. <\/li>\n<li><strong>Mit dem Bus<\/strong>: Die Teilnehmer k\u00f6nnen mit dem Busunternehmen Bassliner anreisen, das einen direkten Transport zum Festival anbietet.<\/li>\n<li><strong>Mit dem Flugzeug<\/strong>: Die n\u00e4chstgelegenen Flugh\u00e4fen sind Hamburg, Bremen und Hannover, Es ist jedoch ratsam, nicht zu fliegen , wenn es nicht unbedingt notwendig ist .<\/li>\n<\/ul>\n<p>&nbsp;<\/p>\n<h2><span class=\"ez-toc-section\" id=\"Haeufig_gestellte_Fragen_FAQs\"><\/span>H\u00e4ufig gestellte Fragen (FAQs)<span class=\"ez-toc-section-end\"><\/span><\/h2>\n<p> Um sicherzustellen, dass alle Teilnehmer gut informiert sind, beantworten wir hier einige der am h\u00e4ufigsten gestellten Fragen: <\/p>\n<h3><span class=\"ez-toc-section\" id=\"Kann_ich_mit_meinem_AutoVan_auf_den_Campingplatz_fahren\"><\/span>Kann ich mit meinem Auto\/Van auf den Campingplatz fahren?<span class=\"ez-toc-section-end\"><\/span><\/h3>\n<p> Ja, solange Sie darin schlafen. Wenn nicht, gibt es Parkpl\u00e4tze neben dem Festival.  <\/p>\n<h3><span class=\"ez-toc-section\" id=\"Ist_das_Festival_zugaenglich\"><\/span>Ist das Festival zug\u00e4nglich?<span class=\"ez-toc-section-end\"><\/span><\/h3>\n<p> Es werden zwar Anstrengungen unternommen , um die Zug\u00e4nglichkeit zu verbessern, ist das Gel\u00e4nde sehr unwegsam, und es kann sein, dass Hilfe ben\u00f6tigt wird. <\/p>\n<h3><span class=\"ez-toc-section\" id=\"Kann_ich_Essen_und_Getraenke_mitbringen\"><\/span>Kann ich Essen und Getr\u00e4nke mitbringen?<span class=\"ez-toc-section-end\"><\/span><\/h3>\n<p> Ja, aber Glasflaschen sind aus Umweltschutzgr\u00fcnden verboten. <\/p>\n<h3><span class=\"ez-toc-section\" id=\"Ist_Wasser_verfuegbar\"><\/span>Ist Wasser verf\u00fcgbar?<span class=\"ez-toc-section-end\"><\/span><\/h3>\n<p> Ja, es wird Wasserh\u00e4hne zur kostenlosen Nutzung geben. <\/p>\n<h3><span class=\"ez-toc-section\" id=\"Sind_medizinische_Dienste_verfuegbar\"><\/span>Sind medizinische Dienste verf\u00fcgbar?<span class=\"ez-toc-section-end\"><\/span><\/h3>\n<p> Das Team des Roten Kreuzes wird vor Ort f\u00fcr alle Notf\u00e4lle zur Verf\u00fcgung stehen . <\/p>\n<h3><span class=\"ez-toc-section\" id=\"Was_soll_ich_tun_wenn_ich_nicht_am_Festival_teilnehmen_kann_und_bereits_eine_Eintrittskarte_habe\"><\/span>Was soll ich tun , wenn ich nicht am Festival teilnehmen kann und bereits eine Eintrittskarte habe?<span class=\"ez-toc-section-end\"><\/span><\/h3>\n<p> Wenn Sie das Festival nicht besuchen k\u00f6nnen, haben Sie die M\u00f6glichkeit, Ihre Eintrittskarte an einen anderen Interessenten zu verkaufen. Um die Echtheit des Verkaufs zu garantieren und Betrug zu vermeiden, bietet das Festival ein System zur \u00dcberpr\u00fcfung des Ticketcodes an. Sie k\u00f6nnen einen 40-stelligen Verifizierungscode f\u00fcr das Ticket erstellen, der es dem K\u00e4ufer erm\u00f6glicht, die G\u00fcltigkeit der Eintrittskarte zu best\u00e4tigen. Dieser Vorgang kann \u00fcber die offizielle Website des Festivals durchgef\u00fchrt werden.    <\/p>\n<h3><span class=\"ez-toc-section\" id=\"Kann_ich_den_Namen_auf_meinem_Ticket_aendern_wenn_ich_es_verkauft_oder_gekauft_habe\"><\/span>Kann ich den Namen auf meinem Ticket \u00e4ndern , wenn ich es verkauft oder gekauft habe?<span class=\"ez-toc-section-end\"><\/span><\/h3>\n<p> Ja, Sie k\u00f6nnen den Namen auf Ihrem Ticket ganz einfach \u00fcber das Ticketmanagement Ticketmanagement-Portal auf der Festival-Website \u00e4ndern. Dieser Vorgang ist einfach und erm\u00f6glicht es, das Ticket direkt an den neuen Ticketinhaber zu senden.  <\/p>\n<h3><span class=\"ez-toc-section\" id=\"Darf_ich_das_Festival_wieder_betreten_wenn_ich_das_Gelaende_verlasse\"><\/span>Darf ich das Festival wieder betreten , wenn ich das Gel\u00e4nde verlasse?<span class=\"ez-toc-section-end\"><\/span><\/h3>\n<p> Das Festival erlaubt in der Regel den Wiedereintritt, Es ist jedoch wichtig, dass Sie Ihr Armband oder Ihren Pass dabei haben. Diese m\u00fcssen bei jeder R\u00fcckkehr auf das Gel\u00e4nde am Eingang vorgelegt werden.  <\/p>\n<h3><span class=\"ez-toc-section\" id=\"Gibt_es_Ladestationen_fuer_elektronische_Geraete\"><\/span>Gibt es Ladestationen f\u00fcr elektronische Ger\u00e4te?<span class=\"ez-toc-section-end\"><\/span><\/h3>\n<p> Ja, auf dem Festival werden Ladestationen vorhanden sein, Es ist jedoch ratsam, tragbare Batterien (Powerbanks) mitzubringen , da die Stationen \u00fcberf\u00fcllt sein k\u00f6nnen. Denken Sie daran , dass die Verwendung von pers\u00f6nlichen Generatoren nicht erlaubt ist.  <\/p>\n<h3><span class=\"ez-toc-section\" id=\"Was_passiert_wenn_das_Festival_abgesagt_oder_verschoben_wird\"><\/span>Was passiert , wenn das Festival abgesagt oder verschoben wird?<span class=\"ez-toc-section-end\"><\/span><\/h3>\n<p> Im Falle einer Absage oder Verschiebung des Festivals bieten die Organisatoren verschiedene M\u00f6glichkeiten an, wie die R\u00fcckerstattung des Ticketpreises oder die \u00dcbertragung des \u00dcbertragung der Eintrittskarte auf den neuen Termin. Es wird empfohlen, sich \u00fcber die offiziellen Kan\u00e4le des Festivals \u00fcber die offiziellen Kan\u00e4le des Festivals auf dem Laufenden zu halten.  <\/p>\n<h3><span class=\"ez-toc-section\" id=\"Sind_Haustiere_erlaubt\"><\/span>Sind Haustiere erlaubt?<span class=\"ez-toc-section-end\"><\/span><\/h3>\n<p> Nein, Haustiere sind auf dem Festival nicht erlaubt. Alle Besucher werden gebeten , ihre Haustiere zu Hause zu lassen , um die Sicherheit und den Komfort sowohl der anderen Besucher als auch der Haustiere selbst zu gew\u00e4hrleisten. der Sicherheit und des Komforts sowohl der anderen Teilnehmer als auch der Haustiere selbst.  <\/p>\n<h3><span class=\"ez-toc-section\" id=\"Gibt_es_nach_dem_Ende_des_Festivals_jeden_Abend_oeffentliche_Verkehrsmittel\"><\/span>Gibt es nach dem Ende des Festivals jeden Abend \u00f6ffentliche Verkehrsmittel?<span class=\"ez-toc-section-end\"><\/span><\/h3>\n<p> Das Festival bietet einen Shuttle-Service vom dem Festivalgel\u00e4nde zum Bahnhof Sagehorn an, die an den Veranstaltungstagen verkehrt. Die genauen Fahrpl\u00e4ne werden jedoch erst kurz vor den Festivaltagen ver\u00f6ffentlicht, Es ist daher ratsam, sich im Voraus zu informieren , um Ihre Abreise zu planen.  &nbsp;<\/p>\n<h2><span class=\"ez-toc-section\" id=\"Beatheim_beitreten\"><\/span>Beatheim beitreten<span class=\"ez-toc-section-end\"><\/span><\/h2>\n<p> Das sollten Sie nicht verpassen: <strong>Bruno Otranto<\/strong>, der Sch\u00f6pfer von Beatheim, wird auf dem Moyn Festival zu sehen sein . Diesen <strong>Freitag, den 23. August<\/strong>, von <strong>15<\/strong> bis <strong>17 Uhr<\/strong>, auf dem <strong>Jekke Jolle Floor<\/strong>, habt ihr die M\u00f6glichkeit, zu sehen, was Beatheim DJ zu bieten hat. Macht euch bereit f\u00fcr ein Set voller Kreativit\u00e4t und einzigartigem Stil, Bruno wird Sie auf eine musikalische Reise mitnehmen , die das widerspiegelt , was wir an der Beatheim DJ Academy lehren. Wenn du dich f\u00fcr elektronische Musik begeisterst und aus erster Hand erfahren m\u00f6chtest , wie das, was du an unserer was man an unserer Akademie lernt , in die Praxis umgesetzt wird, Sie k\u00f6nnen esnicht verpassen.    <strong>Wir sehen uns auf dem Moyn Festival!<\/strong><\/p>\n<p>&nbsp; Was denkst du dar\u00fcber? Erz\u00e4hl uns davon in unseren sozialen Netzwerken und werde Mitglied der <a href=\"https:\/\/www.beatheim.com\/es\/\">Beatheim Community<\/a>! <\/p>\n<ul>\n<li><a href=\"https:\/\/es-la.facebook.com\/Beatheimdjacademy\/\" target=\"_blank\" rel=\"noopener\">Facebook<\/a><\/li>\n<li><a href=\"https:\/\/www.instagram.com\/beatheim_dj_academy\/\" target=\"_blank\" rel=\"noopener\">Instagram<\/a><\/li>\n<\/ul>\n<p> Machen Sie sich bereit f\u00fcr ein unvergessliches Festival beim <strong>Moyn Festival 2024<\/strong>!<\/p>\n","protected":false},"excerpt":{"rendered":"<p>Das Moyn Festival 2024 entwickelt sich zu einem der am meisten erwarteten Ereignisse des Sommers f\u00fcr Liebhaber von Musik, Kunst und alternativer Kultur. Die Veranstaltung, die vom 22. bis 25. August in der bezaubernden Kulisse des Backsbergs stattfindet, ist nicht nur ein Festival, sondern ein Fest der Gemeinschaft, der Kreativit\u00e4t und der gemeinsamen Werte. Wenn&#8230;<\/p>\n","protected":false},"author":103,"featured_media":13115,"comment_status":"closed","ping_status":"closed","sticky":false,"template":"","format":"standard","meta":{"footnotes":""},"categories":[114],"tags":[],"class_list":["post-13139","post","type-post","status-publish","format-standard","has-post-thumbnail","hentry","category-dj-industry-de"],"yoast_head":"<!-- This site is optimized with the Yoast SEO plugin v27.4 - https:\/\/yoast.com\/product\/yoast-seo-wordpress\/ -->\n<title>Moyn Festival 2024: Ein Fest der Musik, Kunst und Gemeinschaft &#187; BEATHEIM<\/title>\n<meta name=\"description\" content=\"Moyn Festival 2024, ein Festival , das Musik, Kunst und eine au\u00dfergew\u00f6hnliche Gemeinschaft bietet, Kunst und eine au\u00dfergew\u00f6hnliche Gemeinschaft mit Workshops und Aktivit\u00e4ten- verpassenSie esnicht!\" \/>\n<meta name=\"robots\" content=\"index, follow, max-snippet:-1, max-image-preview:large, max-video-preview:-1\" \/>\n<link rel=\"canonical\" href=\"https:\/\/www.beatheim.com\/de\/moyn-festival-2024-ein-fest-der-musik-kunst-und-gemeinschaft\/\" \/>\n<meta property=\"og:locale\" content=\"de_DE\" \/>\n<meta property=\"og:type\" content=\"article\" \/>\n<meta property=\"og:title\" content=\"Moyn Festival 2024: Ein Fest der Musik, Kunst und Gemeinschaft &#187; BEATHEIM\" \/>\n<meta property=\"og:description\" content=\"Moyn Festival 2024, ein Festival , das Musik, Kunst und eine au\u00dfergew\u00f6hnliche Gemeinschaft bietet, Kunst und eine au\u00dfergew\u00f6hnliche Gemeinschaft mit Workshops und Aktivit\u00e4ten- verpassenSie esnicht!\" \/>\n<meta property=\"og:url\" content=\"https:\/\/www.beatheim.com\/de\/moyn-festival-2024-ein-fest-der-musik-kunst-und-gemeinschaft\/\" \/>\n<meta property=\"og:site_name\" content=\"BEATHEIM\" \/>\n<meta property=\"article:publisher\" content=\"https:\/\/www.facebook.com\/Beatheimdjacademy\" \/>\n<meta property=\"article:published_time\" content=\"2024-08-21T07:21:12+00:00\" \/>\n<meta property=\"article:modified_time\" content=\"2024-08-21T13:29:46+00:00\" \/>\n<meta property=\"og:image\" content=\"https:\/\/www.beatheim.com\/wp-content\/uploads\/2024\/08\/Moyn-Festival-2024.jpg\" \/>\n\t<meta property=\"og:image:width\" content=\"1280\" \/>\n\t<meta property=\"og:image:height\" content=\"853\" \/>\n\t<meta property=\"og:image:type\" content=\"image\/jpeg\" \/>\n<meta name=\"author\" content=\"Beatheim\" \/>\n<meta name=\"twitter:card\" content=\"summary_large_image\" \/>\n<meta name=\"twitter:label1\" content=\"Verfasst von\" \/>\n\t<meta name=\"twitter:data1\" content=\"Beatheim\" \/>\n\t<meta name=\"twitter:label2\" content=\"Gesch\u00e4tzte Lesezeit\" \/>\n\t<meta name=\"twitter:data2\" content=\"12\u00a0Minuten\" \/>\n<script type=\"application\/ld+json\" class=\"yoast-schema-graph\">{\"@context\":\"https:\\\/\\\/schema.org\",\"@graph\":[{\"@type\":[\"Article\",\"BlogPosting\"],\"@id\":\"https:\\\/\\\/www.beatheim.com\\\/de\\\/moyn-festival-2024-ein-fest-der-musik-kunst-und-gemeinschaft\\\/#article\",\"isPartOf\":{\"@id\":\"https:\\\/\\\/www.beatheim.com\\\/de\\\/moyn-festival-2024-ein-fest-der-musik-kunst-und-gemeinschaft\\\/\"},\"author\":{\"name\":\"Beatheim\",\"@id\":\"https:\\\/\\\/www.beatheim.com\\\/de\\\/#\\\/schema\\\/person\\\/ed32de48a0e6b496b84276866d6fab12\"},\"headline\":\"Moyn Festival 2024: Ein Fest der Musik, Kunst und Gemeinschaft\",\"datePublished\":\"2024-08-21T07:21:12+00:00\",\"dateModified\":\"2024-08-21T13:29:46+00:00\",\"mainEntityOfPage\":{\"@id\":\"https:\\\/\\\/www.beatheim.com\\\/de\\\/moyn-festival-2024-ein-fest-der-musik-kunst-und-gemeinschaft\\\/\"},\"wordCount\":2373,\"image\":{\"@id\":\"https:\\\/\\\/www.beatheim.com\\\/de\\\/moyn-festival-2024-ein-fest-der-musik-kunst-und-gemeinschaft\\\/#primaryimage\"},\"thumbnailUrl\":\"https:\\\/\\\/www.beatheim.com\\\/wp-content\\\/uploads\\\/2024\\\/08\\\/Moyn-Festival-2024.jpg\",\"articleSection\":[\"DJ Industry\"],\"inLanguage\":\"de\"},{\"@type\":[\"WebPage\",\"ItemPage\"],\"@id\":\"https:\\\/\\\/www.beatheim.com\\\/de\\\/moyn-festival-2024-ein-fest-der-musik-kunst-und-gemeinschaft\\\/\",\"url\":\"https:\\\/\\\/www.beatheim.com\\\/de\\\/moyn-festival-2024-ein-fest-der-musik-kunst-und-gemeinschaft\\\/\",\"name\":\"Moyn Festival 2024: Ein Fest der Musik, Kunst und Gemeinschaft &#187; BEATHEIM\",\"isPartOf\":{\"@id\":\"https:\\\/\\\/www.beatheim.com\\\/de\\\/#website\"},\"primaryImageOfPage\":{\"@id\":\"https:\\\/\\\/www.beatheim.com\\\/de\\\/moyn-festival-2024-ein-fest-der-musik-kunst-und-gemeinschaft\\\/#primaryimage\"},\"image\":{\"@id\":\"https:\\\/\\\/www.beatheim.com\\\/de\\\/moyn-festival-2024-ein-fest-der-musik-kunst-und-gemeinschaft\\\/#primaryimage\"},\"thumbnailUrl\":\"https:\\\/\\\/www.beatheim.com\\\/wp-content\\\/uploads\\\/2024\\\/08\\\/Moyn-Festival-2024.jpg\",\"datePublished\":\"2024-08-21T07:21:12+00:00\",\"dateModified\":\"2024-08-21T13:29:46+00:00\",\"author\":{\"@id\":\"https:\\\/\\\/www.beatheim.com\\\/de\\\/#\\\/schema\\\/person\\\/ed32de48a0e6b496b84276866d6fab12\"},\"description\":\"Moyn Festival 2024, ein Festival , das Musik, Kunst und eine au\u00dfergew\u00f6hnliche Gemeinschaft bietet, Kunst und eine au\u00dfergew\u00f6hnliche Gemeinschaft mit Workshops und Aktivit\u00e4ten- verpassenSie esnicht!\",\"inLanguage\":\"de\",\"potentialAction\":[{\"@type\":\"ReadAction\",\"target\":[\"https:\\\/\\\/www.beatheim.com\\\/de\\\/moyn-festival-2024-ein-fest-der-musik-kunst-und-gemeinschaft\\\/\"]}]},{\"@type\":\"ImageObject\",\"inLanguage\":\"de\",\"@id\":\"https:\\\/\\\/www.beatheim.com\\\/de\\\/moyn-festival-2024-ein-fest-der-musik-kunst-und-gemeinschaft\\\/#primaryimage\",\"url\":\"https:\\\/\\\/www.beatheim.com\\\/wp-content\\\/uploads\\\/2024\\\/08\\\/Moyn-Festival-2024.jpg\",\"contentUrl\":\"https:\\\/\\\/www.beatheim.com\\\/wp-content\\\/uploads\\\/2024\\\/08\\\/Moyn-Festival-2024.jpg\",\"width\":1280,\"height\":853,\"caption\":\"Moyn Festival 2024: Ein Fest der Musik, Kunst und Gemeinschaft\"},{\"@type\":\"WebSite\",\"@id\":\"https:\\\/\\\/www.beatheim.com\\\/de\\\/#website\",\"url\":\"https:\\\/\\\/www.beatheim.com\\\/de\\\/\",\"name\":\"BEATHEIM\",\"description\":\"Beatheim DJ Academy in Berlin\",\"potentialAction\":[{\"@type\":\"SearchAction\",\"target\":{\"@type\":\"EntryPoint\",\"urlTemplate\":\"https:\\\/\\\/www.beatheim.com\\\/de\\\/?s={search_term_string}\"},\"query-input\":{\"@type\":\"PropertyValueSpecification\",\"valueRequired\":true,\"valueName\":\"search_term_string\"}}],\"inLanguage\":\"de\"},{\"@type\":\"Person\",\"@id\":\"https:\\\/\\\/www.beatheim.com\\\/de\\\/#\\\/schema\\\/person\\\/ed32de48a0e6b496b84276866d6fab12\",\"name\":\"Beatheim\",\"image\":{\"@type\":\"ImageObject\",\"inLanguage\":\"de\",\"@id\":\"https:\\\/\\\/secure.gravatar.com\\\/avatar\\\/697b80e3cef2dd581b0be54e68855040dcb18fa59b733a32d27127bd05d18e06?s=96&d=mm&r=g\",\"url\":\"https:\\\/\\\/secure.gravatar.com\\\/avatar\\\/697b80e3cef2dd581b0be54e68855040dcb18fa59b733a32d27127bd05d18e06?s=96&d=mm&r=g\",\"contentUrl\":\"https:\\\/\\\/secure.gravatar.com\\\/avatar\\\/697b80e3cef2dd581b0be54e68855040dcb18fa59b733a32d27127bd05d18e06?s=96&d=mm&r=g\",\"caption\":\"Beatheim\"}}]}<\/script>\n<!-- \/ Yoast SEO plugin. -->","yoast_head_json":{"title":"Moyn Festival 2024: Ein Fest der Musik, Kunst und Gemeinschaft &#187; BEATHEIM","description":"Moyn Festival 2024, ein Festival , das Musik, Kunst und eine au\u00dfergew\u00f6hnliche Gemeinschaft bietet, Kunst und eine au\u00dfergew\u00f6hnliche Gemeinschaft mit Workshops und Aktivit\u00e4ten- verpassenSie esnicht!","robots":{"index":"index","follow":"follow","max-snippet":"max-snippet:-1","max-image-preview":"max-image-preview:large","max-video-preview":"max-video-preview:-1"},"canonical":"https:\/\/www.beatheim.com\/de\/moyn-festival-2024-ein-fest-der-musik-kunst-und-gemeinschaft\/","og_locale":"de_DE","og_type":"article","og_title":"Moyn Festival 2024: Ein Fest der Musik, Kunst und Gemeinschaft &#187; BEATHEIM","og_description":"Moyn Festival 2024, ein Festival , das Musik, Kunst und eine au\u00dfergew\u00f6hnliche Gemeinschaft bietet, Kunst und eine au\u00dfergew\u00f6hnliche Gemeinschaft mit Workshops und Aktivit\u00e4ten- verpassenSie esnicht!","og_url":"https:\/\/www.beatheim.com\/de\/moyn-festival-2024-ein-fest-der-musik-kunst-und-gemeinschaft\/","og_site_name":"BEATHEIM","article_publisher":"https:\/\/www.facebook.com\/Beatheimdjacademy","article_published_time":"2024-08-21T07:21:12+00:00","article_modified_time":"2024-08-21T13:29:46+00:00","og_image":[{"width":1280,"height":853,"url":"https:\/\/www.beatheim.com\/wp-content\/uploads\/2024\/08\/Moyn-Festival-2024.jpg","type":"image\/jpeg"}],"author":"Beatheim","twitter_card":"summary_large_image","twitter_misc":{"Verfasst von":"Beatheim","Gesch\u00e4tzte Lesezeit":"12\u00a0Minuten"},"schema":{"@context":"https:\/\/schema.org","@graph":[{"@type":["Article","BlogPosting"],"@id":"https:\/\/www.beatheim.com\/de\/moyn-festival-2024-ein-fest-der-musik-kunst-und-gemeinschaft\/#article","isPartOf":{"@id":"https:\/\/www.beatheim.com\/de\/moyn-festival-2024-ein-fest-der-musik-kunst-und-gemeinschaft\/"},"author":{"name":"Beatheim","@id":"https:\/\/www.beatheim.com\/de\/#\/schema\/person\/ed32de48a0e6b496b84276866d6fab12"},"headline":"Moyn Festival 2024: Ein Fest der Musik, Kunst und Gemeinschaft","datePublished":"2024-08-21T07:21:12+00:00","dateModified":"2024-08-21T13:29:46+00:00","mainEntityOfPage":{"@id":"https:\/\/www.beatheim.com\/de\/moyn-festival-2024-ein-fest-der-musik-kunst-und-gemeinschaft\/"},"wordCount":2373,"image":{"@id":"https:\/\/www.beatheim.com\/de\/moyn-festival-2024-ein-fest-der-musik-kunst-und-gemeinschaft\/#primaryimage"},"thumbnailUrl":"https:\/\/www.beatheim.com\/wp-content\/uploads\/2024\/08\/Moyn-Festival-2024.jpg","articleSection":["DJ Industry"],"inLanguage":"de"},{"@type":["WebPage","ItemPage"],"@id":"https:\/\/www.beatheim.com\/de\/moyn-festival-2024-ein-fest-der-musik-kunst-und-gemeinschaft\/","url":"https:\/\/www.beatheim.com\/de\/moyn-festival-2024-ein-fest-der-musik-kunst-und-gemeinschaft\/","name":"Moyn Festival 2024: Ein Fest der Musik, Kunst und Gemeinschaft &#187; BEATHEIM","isPartOf":{"@id":"https:\/\/www.beatheim.com\/de\/#website"},"primaryImageOfPage":{"@id":"https:\/\/www.beatheim.com\/de\/moyn-festival-2024-ein-fest-der-musik-kunst-und-gemeinschaft\/#primaryimage"},"image":{"@id":"https:\/\/www.beatheim.com\/de\/moyn-festival-2024-ein-fest-der-musik-kunst-und-gemeinschaft\/#primaryimage"},"thumbnailUrl":"https:\/\/www.beatheim.com\/wp-content\/uploads\/2024\/08\/Moyn-Festival-2024.jpg","datePublished":"2024-08-21T07:21:12+00:00","dateModified":"2024-08-21T13:29:46+00:00","author":{"@id":"https:\/\/www.beatheim.com\/de\/#\/schema\/person\/ed32de48a0e6b496b84276866d6fab12"},"description":"Moyn Festival 2024, ein Festival , das Musik, Kunst und eine au\u00dfergew\u00f6hnliche Gemeinschaft bietet, Kunst und eine au\u00dfergew\u00f6hnliche Gemeinschaft mit Workshops und Aktivit\u00e4ten- verpassenSie esnicht!","inLanguage":"de","potentialAction":[{"@type":"ReadAction","target":["https:\/\/www.beatheim.com\/de\/moyn-festival-2024-ein-fest-der-musik-kunst-und-gemeinschaft\/"]}]},{"@type":"ImageObject","inLanguage":"de","@id":"https:\/\/www.beatheim.com\/de\/moyn-festival-2024-ein-fest-der-musik-kunst-und-gemeinschaft\/#primaryimage","url":"https:\/\/www.beatheim.com\/wp-content\/uploads\/2024\/08\/Moyn-Festival-2024.jpg","contentUrl":"https:\/\/www.beatheim.com\/wp-content\/uploads\/2024\/08\/Moyn-Festival-2024.jpg","width":1280,"height":853,"caption":"Moyn Festival 2024: Ein Fest der Musik, Kunst und Gemeinschaft"},{"@type":"WebSite","@id":"https:\/\/www.beatheim.com\/de\/#website","url":"https:\/\/www.beatheim.com\/de\/","name":"BEATHEIM","description":"Beatheim DJ Academy in Berlin","potentialAction":[{"@type":"SearchAction","target":{"@type":"EntryPoint","urlTemplate":"https:\/\/www.beatheim.com\/de\/?s={search_term_string}"},"query-input":{"@type":"PropertyValueSpecification","valueRequired":true,"valueName":"search_term_string"}}],"inLanguage":"de"},{"@type":"Person","@id":"https:\/\/www.beatheim.com\/de\/#\/schema\/person\/ed32de48a0e6b496b84276866d6fab12","name":"Beatheim","image":{"@type":"ImageObject","inLanguage":"de","@id":"https:\/\/secure.gravatar.com\/avatar\/697b80e3cef2dd581b0be54e68855040dcb18fa59b733a32d27127bd05d18e06?s=96&d=mm&r=g","url":"https:\/\/secure.gravatar.com\/avatar\/697b80e3cef2dd581b0be54e68855040dcb18fa59b733a32d27127bd05d18e06?s=96&d=mm&r=g","contentUrl":"https:\/\/secure.gravatar.com\/avatar\/697b80e3cef2dd581b0be54e68855040dcb18fa59b733a32d27127bd05d18e06?s=96&d=mm&r=g","caption":"Beatheim"}}]}},"_links":{"self":[{"href":"https:\/\/www.beatheim.com\/de\/wp-json\/wp\/v2\/posts\/13139","targetHints":{"allow":["GET"]}}],"collection":[{"href":"https:\/\/www.beatheim.com\/de\/wp-json\/wp\/v2\/posts"}],"about":[{"href":"https:\/\/www.beatheim.com\/de\/wp-json\/wp\/v2\/types\/post"}],"author":[{"embeddable":true,"href":"https:\/\/www.beatheim.com\/de\/wp-json\/wp\/v2\/users\/103"}],"replies":[{"embeddable":true,"href":"https:\/\/www.beatheim.com\/de\/wp-json\/wp\/v2\/comments?post=13139"}],"version-history":[{"count":1,"href":"https:\/\/www.beatheim.com\/de\/wp-json\/wp\/v2\/posts\/13139\/revisions"}],"predecessor-version":[{"id":13143,"href":"https:\/\/www.beatheim.com\/de\/wp-json\/wp\/v2\/posts\/13139\/revisions\/13143"}],"wp:featuredmedia":[{"embeddable":true,"href":"https:\/\/www.beatheim.com\/de\/wp-json\/wp\/v2\/media\/13115"}],"wp:attachment":[{"href":"https:\/\/www.beatheim.com\/de\/wp-json\/wp\/v2\/media?parent=13139"}],"wp:term":[{"taxonomy":"category","embeddable":true,"href":"https:\/\/www.beatheim.com\/de\/wp-json\/wp\/v2\/categories?post=13139"},{"taxonomy":"post_tag","embeddable":true,"href":"https:\/\/www.beatheim.com\/de\/wp-json\/wp\/v2\/tags?post=13139"}],"curies":[{"name":"wp","href":"https:\/\/api.w.org\/{rel}","templated":true}]}}